
{"id":13661,"date":"2023-10-23T07:11:54","date_gmt":"2023-10-23T05:11:54","guid":{"rendered":"http:\/\/chetkowski.blog.polityka.pl\/?p=13661"},"modified":"2023-10-23T11:21:43","modified_gmt":"2023-10-23T09:21:43","slug":"ile-nauczyciele-zaplaca-za-swoje-podwyzki","status":"publish","type":"post","link":"https:\/\/blog.polityka.pl\/chetkowski\/2023\/10\/23\/ile-nauczyciele-zaplaca-za-swoje-podwyzki\/","title":{"rendered":"Ile nauczyciele zap\u0142ac\u0105 za swoje podwy\u017cki?"},"content":{"rendered":"\n<p>Nauczyciele zapewne dostan\u0105 obiecane przez Donalda Tuska podwy\u017cki, ale nie za darmo. Cen\u0105 mo\u017ce by\u0107 konieczno\u015b\u0107 znacznie wi\u0119kszego zaanga\u017cowania si\u0119 w pracy.&nbsp;<\/p>\n\n\n\n<!--more-->\n\n\n\n<p>Na razie m\u00f3wi si\u0119 o zakazie przerzucania roboty na uczni\u00f3w i rodzic\u00f3w, czyli o likwidacji prac domowych. W domu niech dziecko odpoczywa, a w szkole si\u0119 uczy. To jednak dopiero pocz\u0105tek nowych zada\u0144 dla nauczycieli.&nbsp;<\/p>\n\n\n\n<p>Podwy\u017cki dla nauczycieli nie podobaj\u0105 si\u0119 rodzicom, kt\u00f3rzy posy\u0142aj\u0105 dzieci na korepetycje. \u017beby uspokoi\u0107 rodzic\u00f3w, nowy rz\u0105d mo\u017ce zechcie\u0107 zlikwidowa\u0107 prywatne lekcje. Niech dzieci ca\u0142\u0105 wiedz\u0119 i umiej\u0119tno\u015bci pozyskuj\u0105 w szkole. Niech si\u0119 nauczyciele postaraj\u0105, aby korepetycje by\u0142y niepotrzebne.<\/p>\n\n\n\n<p>Dop\u00f3ki podwy\u017cki by\u0142y obietnic\u0105 wyborcz\u0105, wszyscy byli za. Gdy stan\u0105 si\u0119 faktem, wiele os\u00f3b si\u0119 oburzy. Nowy rz\u0105d musi to oburzenie spo\u0142eczne potraktowa\u0107 powa\u017cnie. Nauczyciele nie powinni wi\u0119c by\u0107 zdziwieni, gdy do wy\u017cszej pensji zostanie do\u0142\u0105czona lista nowych obowi\u0105zk\u00f3w. I to ca\u0142kiem sporych.<\/p>\n","protected":false},"excerpt":{"rendered":"<p>Nauczyciele zapewne dostan\u0105 obiecane przez Donalda Tuska podwy\u017cki, ale nie za darmo. Cen\u0105 mo\u017ce by\u0107 konieczno\u015b\u0107 znacznie wi\u0119kszego zaanga\u017cowania si\u0119 w pracy.&nbsp;<\/p>\n","protected":false},"author":1,"featured_media":13514,"comment_status":"open","ping_status":"closed","sticky":false,"template":"","format":"standard","meta":{"footnotes":""},"categories":[1],"tags":[],"_links":{"self":[{"href":"https:\/\/blog.polityka.pl\/chetkowski\/wp-json\/wp\/v2\/posts\/13661"}],"collection":[{"href":"https:\/\/blog.polityka.pl\/chetkowski\/wp-json\/wp\/v2\/posts"}],"about":[{"href":"https:\/\/blog.polityka.pl\/chetkowski\/wp-json\/wp\/v2\/types\/post"}],"author":[{"embeddable":true,"href":"https:\/\/blog.polityka.pl\/chetkowski\/wp-json\/wp\/v2\/users\/1"}],"replies":[{"embeddable":true,"href":"https:\/\/blog.polityka.pl\/chetkowski\/wp-json\/wp\/v2\/comments?post=13661"}],"version-history":[{"count":6,"href":"https:\/\/blog.polityka.pl\/chetkowski\/wp-json\/wp\/v2\/posts\/13661\/revisions"}],"predecessor-version":[{"id":13667,"href":"https:\/\/blog.polityka.pl\/chetkowski\/wp-json\/wp\/v2\/posts\/13661\/revisions\/13667"}],"wp:featuredmedia":[{"embeddable":true,"href":"https:\/\/blog.polityka.pl\/chetkowski\/wp-json\/wp\/v2\/media\/13514"}],"wp:attachment":[{"href":"https:\/\/blog.polityka.pl\/chetkowski\/wp-json\/wp\/v2\/media?parent=13661"}],"wp:term":[{"taxonomy":"category","embeddable":true,"href":"https:\/\/blog.polityka.pl\/chetkowski\/wp-json\/wp\/v2\/categories?post=13661"},{"taxonomy":"post_tag","embeddable":true,"href":"https:\/\/blog.polityka.pl\/chetkowski\/wp-json\/wp\/v2\/tags?post=13661"}],"curies":[{"name":"wp","href":"https:\/\/api.w.org\/{rel}","templated":true}]}}