
{"id":13668,"date":"2023-10-25T07:01:10","date_gmt":"2023-10-25T05:01:10","guid":{"rendered":"http:\/\/chetkowski.blog.polityka.pl\/?p=13668"},"modified":"2023-10-25T10:03:41","modified_gmt":"2023-10-25T08:03:41","slug":"minister-edukacji-powinien-byc-bezpartyjny","status":"publish","type":"post","link":"https:\/\/blog.polityka.pl\/chetkowski\/2023\/10\/25\/minister-edukacji-powinien-byc-bezpartyjny\/","title":{"rendered":"Minister edukacji powinien by\u0107 bezpartyjny"},"content":{"rendered":"\n<p>PSL nie zgadza si\u0119 na ministra z Lewicy, tymczasem Agnieszka Dziemianowicz-B\u0105k (Lewica) bardzo chce zaj\u0105\u0107 si\u0119 o\u015bwiat\u0105 i posprz\u0105ta\u0107 po Czarnku. Wi\u0119c nie odpu\u015bci.<\/p>\n\n\n\n<!--more-->\n\n\n\n<p>Ho\u0142owni\u0119 naciskaj\u0105 jego ludzie, aby edukacji nie oddawa\u0142 nikomu obcemu. Maj\u0105 swojego kandydata na to stanowisko. Jednak Tusk obieca\u0142 podobno tek\u0119 ministra Krystynie Szumilas. Nie zgadza si\u0119 z tym Nowoczesna, kt\u00f3ra edukacj\u0119 chce powierzy\u0107 Katarzynie Lubnauer. Kolejka ch\u0119tnych jest d\u0142uga.<\/p>\n\n\n\n<p>Jeszcze si\u0119 nie zdarzy\u0142o, aby edukacja by\u0142a tak cennym \u0142upem. Wcze\u015bniej by\u0142o to raczej miejsce zsy\u0142ki. Dobrze wiemy, \u017ce Czarnek chcia\u0142 by\u0107 ministrem sprawiedliwo\u015bci i o ten sto\u0142ek zabiega\u0142. Nie uda\u0142o si\u0119, dano mu edukacj\u0119 i na otarcie \u0142ez r\u00f3wnie\u017c nauk\u0119.<\/p>\n\n\n\n<p>Teraz edukacja nie jest niechcianym dzieckiem, lecz po\u017c\u0105danym. Musi si\u0119 co\u015b za tym kry\u0107. Niebawem si\u0119 dowiemy, dlaczego ka\u017cdej partii tak bardzo zale\u017cy na zaj\u0119ciu si\u0119 szkolnictwem.&nbsp;<\/p>\n\n\n\n<p>Cho\u0107 je\u015bli koalicjanci nie odpuszcz\u0105, jedynym kompromisem mo\u017ce by\u0107 minister bezpartyjny, ca\u0142kowicie niezale\u017cny fachowiec. Taki wyb\u00f3r by\u0142by dowodem, \u017ce opozycji naprawd\u0119 zale\u017cy na odpolitycznieniu o\u015bwiaty, a nie tylko na wprowadzeniu swoich porz\u0105dk\u00f3w.&nbsp;<\/p>\n","protected":false},"excerpt":{"rendered":"<p>PSL nie zgadza si\u0119 na ministra z Lewicy, tymczasem Agnieszka Dziemianowicz-B\u0105k (Lewica) bardzo chce zaj\u0105\u0107 si\u0119 o\u015bwiat\u0105 i posprz\u0105ta\u0107 po Czarnku. Wi\u0119c nie odpu\u015bci.<\/p>\n","protected":false},"author":1,"featured_media":11849,"comment_status":"open","ping_status":"closed","sticky":false,"template":"","format":"standard","meta":{"footnotes":""},"categories":[1],"tags":[],"_links":{"self":[{"href":"https:\/\/blog.polityka.pl\/chetkowski\/wp-json\/wp\/v2\/posts\/13668"}],"collection":[{"href":"https:\/\/blog.polityka.pl\/chetkowski\/wp-json\/wp\/v2\/posts"}],"about":[{"href":"https:\/\/blog.polityka.pl\/chetkowski\/wp-json\/wp\/v2\/types\/post"}],"author":[{"embeddable":true,"href":"https:\/\/blog.polityka.pl\/chetkowski\/wp-json\/wp\/v2\/users\/1"}],"replies":[{"embeddable":true,"href":"https:\/\/blog.polityka.pl\/chetkowski\/wp-json\/wp\/v2\/comments?post=13668"}],"version-history":[{"count":5,"href":"https:\/\/blog.polityka.pl\/chetkowski\/wp-json\/wp\/v2\/posts\/13668\/revisions"}],"predecessor-version":[{"id":13674,"href":"https:\/\/blog.polityka.pl\/chetkowski\/wp-json\/wp\/v2\/posts\/13668\/revisions\/13674"}],"wp:featuredmedia":[{"embeddable":true,"href":"https:\/\/blog.polityka.pl\/chetkowski\/wp-json\/wp\/v2\/media\/11849"}],"wp:attachment":[{"href":"https:\/\/blog.polityka.pl\/chetkowski\/wp-json\/wp\/v2\/media?parent=13668"}],"wp:term":[{"taxonomy":"category","embeddable":true,"href":"https:\/\/blog.polityka.pl\/chetkowski\/wp-json\/wp\/v2\/categories?post=13668"},{"taxonomy":"post_tag","embeddable":true,"href":"https:\/\/blog.polityka.pl\/chetkowski\/wp-json\/wp\/v2\/tags?post=13668"}],"curies":[{"name":"wp","href":"https:\/\/api.w.org\/{rel}","templated":true}]}}