
{"id":13677,"date":"2023-10-28T22:10:55","date_gmt":"2023-10-28T20:10:55","guid":{"rendered":"http:\/\/chetkowski.blog.polityka.pl\/?p=13677"},"modified":"2023-10-29T08:38:32","modified_gmt":"2023-10-29T07:38:32","slug":"film-chlopi-moglby-byc-bardziej-teczowy","status":"publish","type":"post","link":"https:\/\/blog.polityka.pl\/chetkowski\/2023\/10\/28\/film-chlopi-moglby-byc-bardziej-teczowy\/","title":{"rendered":"Film \u201eCh\u0142opi\u201d m\u00f3g\u0142by by\u0107 bardziej \u201et\u0119czowy\u201d"},"content":{"rendered":"\n<p>Prawie ca\u0142e moje liceum obejrza\u0142o lub niebawem obejrzy film \u201eCh\u0142opi\u201d. Prawie, gdy\u017c dyrekcja nie chce pu\u015bci\u0107 do kina klas pierwszych, a te naciskaj\u0105. Za\u015b klasy czwarte nie ufaj\u0105, \u017ce film jest dobry, wi\u0119c z oporem sk\u0142adaj\u0105 si\u0119 na bilety. Jedna klasa otwarcie powiedzia\u0142a, \u017ce nie p\u00f3jdzie, gdy\u017c powie\u015b\u0107 to dno.<\/p>\n\n\n\n<!--more-->\n\n\n\n<p>By\u0142em ju\u017c z klasami drugimi i trzecimi. Powie\u015b\u0107 Reymonta omawia si\u0119 w klasie trzeciej, wizyta w kinie wypad\u0142a w trakcie czytania dzie\u0142a. Film si\u0119 spodoba\u0142, ale nie tak bardzo jak m\u0142odszym kole\u017cankom i kolegom. Ci, kt\u00f3rzy nie czytali lektury, byli zachwyceni. Niekt\u00f3rzy m\u00f3wili, \u017ce nie pami\u0119taj\u0105, aby jaki\u015b film tak ich poruszy\u0142.<\/p>\n\n\n\n<p>Z klasami drugimi by\u0142em w kinie w czwartek. Nast\u0119pnego dnia, czyli w T\u0119czowy Pi\u0105tek, oceniali\u015bmy film. Skoro tw\u00f3rcy zniekszta\u0142cili nieco fabu\u0142\u0119, aby podkre\u015bli\u0107 nier\u00f3wne traktowanie kobiet i m\u0119\u017cczyzn (Jagna zosta\u0142a surowo ukarana za to, co robili te\u017c m\u0119\u017cczy\u017ani, ale im si\u0119 upiek\u0142o), mo\u017cna by\u0142o p\u00f3j\u015b\u0107 krok dalej i doda\u0107 do filmu wi\u0119cej wsp\u00f3\u0142czesnych problem\u00f3w, cho\u0107by tolerancji wobec os\u00f3b LGBTQ+. Przecie\u017c w Lipcach takie osoby te\u017c by\u0142y, prawda?<\/p>\n","protected":false},"excerpt":{"rendered":"<p>Prawie ca\u0142e moje liceum obejrza\u0142o lub niebawem obejrzy film \u201eCh\u0142opi\u201d. Prawie, gdy\u017c dyrekcja nie chce pu\u015bci\u0107 do kina klas pierwszych, a te naciskaj\u0105. Za\u015b klasy czwarte nie ufaj\u0105, \u017ce film jest dobry, wi\u0119c z oporem sk\u0142adaj\u0105 si\u0119 na bilety. Jedna klasa otwarcie powiedzia\u0142a, \u017ce nie p\u00f3jdzie, gdy\u017c powie\u015b\u0107 to dno.<\/p>\n","protected":false},"author":1,"featured_media":13680,"comment_status":"open","ping_status":"closed","sticky":false,"template":"","format":"standard","meta":{"footnotes":""},"categories":[1],"tags":[],"_links":{"self":[{"href":"https:\/\/blog.polityka.pl\/chetkowski\/wp-json\/wp\/v2\/posts\/13677"}],"collection":[{"href":"https:\/\/blog.polityka.pl\/chetkowski\/wp-json\/wp\/v2\/posts"}],"about":[{"href":"https:\/\/blog.polityka.pl\/chetkowski\/wp-json\/wp\/v2\/types\/post"}],"author":[{"embeddable":true,"href":"https:\/\/blog.polityka.pl\/chetkowski\/wp-json\/wp\/v2\/users\/1"}],"replies":[{"embeddable":true,"href":"https:\/\/blog.polityka.pl\/chetkowski\/wp-json\/wp\/v2\/comments?post=13677"}],"version-history":[{"count":2,"href":"https:\/\/blog.polityka.pl\/chetkowski\/wp-json\/wp\/v2\/posts\/13677\/revisions"}],"predecessor-version":[{"id":13679,"href":"https:\/\/blog.polityka.pl\/chetkowski\/wp-json\/wp\/v2\/posts\/13677\/revisions\/13679"}],"wp:featuredmedia":[{"embeddable":true,"href":"https:\/\/blog.polityka.pl\/chetkowski\/wp-json\/wp\/v2\/media\/13680"}],"wp:attachment":[{"href":"https:\/\/blog.polityka.pl\/chetkowski\/wp-json\/wp\/v2\/media?parent=13677"}],"wp:term":[{"taxonomy":"category","embeddable":true,"href":"https:\/\/blog.polityka.pl\/chetkowski\/wp-json\/wp\/v2\/categories?post=13677"},{"taxonomy":"post_tag","embeddable":true,"href":"https:\/\/blog.polityka.pl\/chetkowski\/wp-json\/wp\/v2\/tags?post=13677"}],"curies":[{"name":"wp","href":"https:\/\/api.w.org\/{rel}","templated":true}]}}