
{"id":13682,"date":"2023-11-03T10:27:55","date_gmt":"2023-11-03T09:27:55","guid":{"rendered":"http:\/\/chetkowski.blog.polityka.pl\/?p=13682"},"modified":"2023-11-03T18:12:50","modified_gmt":"2023-11-03T17:12:50","slug":"kary-za-teczowy-piatek","status":"publish","type":"post","link":"https:\/\/blog.polityka.pl\/chetkowski\/2023\/11\/03\/kary-za-teczowy-piatek\/","title":{"rendered":"Kary za T\u0119czowy Pi\u0105tek"},"content":{"rendered":"\n<p>Dyrektorzy z niepokojem obserwuj\u0105, co wyprawia Pomorskie Kuratorium O\u015bwiaty. Urz\u0119dnicy tej instytucji n\u0119kaj\u0105 szko\u0142y kontrolami z powodu organizacji T\u0119czowego Pi\u0105tku. Inne kuratoria mog\u0105 zachowa\u0107 si\u0119 podobnie, wi\u0119c niebawem w ca\u0142ej Polsce dyrektorzy b\u0119d\u0105 musieli si\u0119 t\u0142umaczy\u0107 z udzia\u0142u uczni\u00f3w w legalnym przecie\u017c wydarzeniu. Po co to komu?<\/p>\n\n\n\n<!--more-->\n\n\n\n<p>Od czasu, jak ministrem edukacji i nauki zosta\u0142 Przemys\u0142aw Czarnek, w szko\u0142ach panuje atmosfera nienara\u017cania si\u0119. Dyrektorzy \u2013 nie wszyscy, oczywi\u015bcie \u2013 zach\u0119caj\u0105 nauczycieli, aby skupili si\u0119 na realizacji podstawy programowej, a z reszty zrezygnowali. Jak m\u0142odzie\u017c chce bra\u0107 udzia\u0142 w czymkolwiek, co nie jest w podstawie programowej, niech robi to poza szko\u0142\u0105. Inaczej b\u0119dziemy mieli k\u0142opoty.<\/p>\n\n\n\n<p>Realizacja tego pomys\u0142u jest trudna w szkole podstawowej, natomiast w liceum nie da si\u0119 zmusi\u0107 wychowank\u00f3w do ca\u0142kowitej bezczynno\u015bci. Nastolatki s\u0105 bowiem z natury aktywne. Trzeba niezwyk\u0142ej pracy antywychowawczej, aby m\u0142odzie\u017c nie wychyla\u0142a si\u0119 w sprawach naprawd\u0119 wa\u017cnych. Starym to przychodzi \u0142atwo, natomiast nastolatki cierpi\u0105 i si\u0119 buntuj\u0105. <\/p>\n\n\n\n<p>Nauczyciele w liceach dr\u017c\u0105 z powodu ostatnich akcji uczni\u00f3w (T\u0119czowy Pi\u0105tek, prawybory do Sejmu i Senatu) i kombinuj\u0105, jak wbi\u0107 im do g\u0142owy, aby skupili si\u0119 tylko na nauce. Wyniki pr\u00f3bnych matur i sprawdzian\u00f3w sumatywnych powinny by\u0107 fatalne.<\/p>\n\n\n\n<p>Info o karaniu za T\u0119czowy Pi\u0105tek <a href=\"https:\/\/glos.pl\/kontrole-po-teczowym-piatku-fundacja-growspace-przygotowala-tarcze-prawna-2-0-jej-celem-jest-pomoc-szkolom-ktore-zmagaja-sie-z-kontrolami\" target=\"_blank\" rel=\"noreferrer noopener\" aria-label=\"tutaj (opens in a new tab)\">tutaj<\/a>.<\/p>\n","protected":false},"excerpt":{"rendered":"<p>Dyrektorzy z niepokojem obserwuj\u0105, co wyprawia Pomorskie Kuratorium O\u015bwiaty. Urz\u0119dnicy tej instytucji n\u0119kaj\u0105 szko\u0142y kontrolami z powodu organizacji T\u0119czowego Pi\u0105tku. Inne kuratoria mog\u0105 zachowa\u0107 si\u0119 podobnie, wi\u0119c niebawem w ca\u0142ej Polsce dyrektorzy b\u0119d\u0105 musieli si\u0119 t\u0142umaczy\u0107 z udzia\u0142u uczni\u00f3w w legalnym przecie\u017c wydarzeniu. Po co to komu?<\/p>\n","protected":false},"author":1,"featured_media":12193,"comment_status":"open","ping_status":"closed","sticky":false,"template":"","format":"standard","meta":{"footnotes":""},"categories":[1],"tags":[],"_links":{"self":[{"href":"https:\/\/blog.polityka.pl\/chetkowski\/wp-json\/wp\/v2\/posts\/13682"}],"collection":[{"href":"https:\/\/blog.polityka.pl\/chetkowski\/wp-json\/wp\/v2\/posts"}],"about":[{"href":"https:\/\/blog.polityka.pl\/chetkowski\/wp-json\/wp\/v2\/types\/post"}],"author":[{"embeddable":true,"href":"https:\/\/blog.polityka.pl\/chetkowski\/wp-json\/wp\/v2\/users\/1"}],"replies":[{"embeddable":true,"href":"https:\/\/blog.polityka.pl\/chetkowski\/wp-json\/wp\/v2\/comments?post=13682"}],"version-history":[{"count":3,"href":"https:\/\/blog.polityka.pl\/chetkowski\/wp-json\/wp\/v2\/posts\/13682\/revisions"}],"predecessor-version":[{"id":13685,"href":"https:\/\/blog.polityka.pl\/chetkowski\/wp-json\/wp\/v2\/posts\/13682\/revisions\/13685"}],"wp:featuredmedia":[{"embeddable":true,"href":"https:\/\/blog.polityka.pl\/chetkowski\/wp-json\/wp\/v2\/media\/12193"}],"wp:attachment":[{"href":"https:\/\/blog.polityka.pl\/chetkowski\/wp-json\/wp\/v2\/media?parent=13682"}],"wp:term":[{"taxonomy":"category","embeddable":true,"href":"https:\/\/blog.polityka.pl\/chetkowski\/wp-json\/wp\/v2\/categories?post=13682"},{"taxonomy":"post_tag","embeddable":true,"href":"https:\/\/blog.polityka.pl\/chetkowski\/wp-json\/wp\/v2\/tags?post=13682"}],"curies":[{"name":"wp","href":"https:\/\/api.w.org\/{rel}","templated":true}]}}