
{"id":13697,"date":"2023-11-07T19:02:48","date_gmt":"2023-11-07T18:02:48","guid":{"rendered":"http:\/\/chetkowski.blog.polityka.pl\/?p=13697"},"modified":"2023-11-07T19:02:48","modified_gmt":"2023-11-07T18:02:48","slug":"tesknota-za-zdalnym-nauczaniem","status":"publish","type":"post","link":"https:\/\/blog.polityka.pl\/chetkowski\/2023\/11\/07\/tesknota-za-zdalnym-nauczaniem\/","title":{"rendered":"T\u0119sknota za zdalnym nauczaniem"},"content":{"rendered":"\n<p>W mojej szkole zacz\u0105\u0142 si\u0119 remont \u0142azienki. To dobra okazja, aby przej\u015b\u0107 na nauczanie zdalne. Wszyscy spodziewali si\u0119, \u017ce dyrekcja tak zdecyduje, jednak spotka\u0142 nas zaw\u00f3d. Pracujemy stacjonarnie w huku.<\/p>\n\n\n\n<!--more-->\n\n\n\n<p>Uczniowie przynosz\u0105 informacje, \u017ce w innych szko\u0142ach remont oznacza nauk\u0119 zdaln\u0105. Nie mo\u017cna przecie\u017c uczy\u0107 si\u0119 w ha\u0142asie. To niezdrowe. Powinni\u015bmy wi\u0119c natychmiast przej\u015b\u0107 na lekcje w trybie online. Dlaczego tego nie robimy?<\/p>\n\n\n\n<p>Ludzi ogarn\u0119\u0142a t\u0119sknota za czasami, kiedy mo\u017cna by\u0142o prowadzi\u0107 lekcje z domu. Nauczyciele zacz\u0119li opowiada\u0107, w jakim warunkach uczyli i co wtedy dodatkowo robili. Ja na przyk\u0142ad mia\u0142em zwyczaj interpretowa\u0107 lektur\u0119 i jednocze\u015bnie obiera\u0107 ziemniaki, kroi\u0107 marchewk\u0119 oraz sma\u017cy\u0107 kotlety. Zdalne lekcje by\u0142y wspania\u0142e.<\/p>\n\n\n\n<p>M\u00f3g\u0142bym wprawdzie wzi\u0105\u0107 do szko\u0142y dwa kilogramy ziemniak\u00f3w i na ostatniej lekcji obra\u0107, pokroi\u0107 marchewk\u0119 i zbi\u0107 kotlety, a potem to wszystko zanie\u015b\u0107 do domu (mia\u0142bym wtedy szybciej obiad). Jednak czy to wypada?<\/p>\n","protected":false},"excerpt":{"rendered":"<p>W mojej szkole zacz\u0105\u0142 si\u0119 remont \u0142azienki. To dobra okazja, aby przej\u015b\u0107 na nauczanie zdalne. Wszyscy spodziewali si\u0119, \u017ce dyrekcja tak zdecyduje, jednak spotka\u0142 nas zaw\u00f3d. Pracujemy stacjonarnie w huku.<\/p>\n","protected":false},"author":1,"featured_media":0,"comment_status":"open","ping_status":"closed","sticky":false,"template":"","format":"standard","meta":{"footnotes":""},"categories":[1],"tags":[],"_links":{"self":[{"href":"https:\/\/blog.polityka.pl\/chetkowski\/wp-json\/wp\/v2\/posts\/13697"}],"collection":[{"href":"https:\/\/blog.polityka.pl\/chetkowski\/wp-json\/wp\/v2\/posts"}],"about":[{"href":"https:\/\/blog.polityka.pl\/chetkowski\/wp-json\/wp\/v2\/types\/post"}],"author":[{"embeddable":true,"href":"https:\/\/blog.polityka.pl\/chetkowski\/wp-json\/wp\/v2\/users\/1"}],"replies":[{"embeddable":true,"href":"https:\/\/blog.polityka.pl\/chetkowski\/wp-json\/wp\/v2\/comments?post=13697"}],"version-history":[{"count":1,"href":"https:\/\/blog.polityka.pl\/chetkowski\/wp-json\/wp\/v2\/posts\/13697\/revisions"}],"predecessor-version":[{"id":13698,"href":"https:\/\/blog.polityka.pl\/chetkowski\/wp-json\/wp\/v2\/posts\/13697\/revisions\/13698"}],"wp:attachment":[{"href":"https:\/\/blog.polityka.pl\/chetkowski\/wp-json\/wp\/v2\/media?parent=13697"}],"wp:term":[{"taxonomy":"category","embeddable":true,"href":"https:\/\/blog.polityka.pl\/chetkowski\/wp-json\/wp\/v2\/categories?post=13697"},{"taxonomy":"post_tag","embeddable":true,"href":"https:\/\/blog.polityka.pl\/chetkowski\/wp-json\/wp\/v2\/tags?post=13697"}],"curies":[{"name":"wp","href":"https:\/\/api.w.org\/{rel}","templated":true}]}}