
{"id":13710,"date":"2023-11-14T21:34:52","date_gmt":"2023-11-14T20:34:52","guid":{"rendered":"http:\/\/chetkowski.blog.polityka.pl\/?p=13710"},"modified":"2023-11-14T21:35:52","modified_gmt":"2023-11-14T20:35:52","slug":"cke-przeprowadzi-badanie-diagnostyczne-na-reprezentatywnej-grupie-maturzystow","status":"publish","type":"post","link":"https:\/\/blog.polityka.pl\/chetkowski\/2023\/11\/14\/cke-przeprowadzi-badanie-diagnostyczne-na-reprezentatywnej-grupie-maturzystow\/","title":{"rendered":"CKE przeprowadzi badanie diagnostyczne na reprezentatywnej grupie maturzyst\u00f3w"},"content":{"rendered":"\n<p>Centralna Komisja Egzaminacyjna og\u0142osi\u0142a, \u017ce przeprowadzi badanie diagnostyczne na reprezentatywnej grupie maturzyst\u00f3w. To efekt bardzo licznych pr\u00f3b podwa\u017cenia wynik\u00f3w egzaminu maturalnego w tym roku.<\/p>\n\n\n\n<!--more-->\n\n\n\n<p>Nale\u017ca\u0142o si\u0119 spodziewa\u0107, \u017ce takie badanie zostanie przeprowadzone, gdy\u017c ze sprawdzaniem test\u00f3w jest co\u015b nie tak. Je\u015bli CKE nie zbada problemu i nie spr\u00f3buje go rozwi\u0105za\u0107, w roku 2024 odwo\u0142a\u0144 b\u0119dzie jeszcze wi\u0119cej.<\/p>\n\n\n\n<p>Problem mo\u017ce jednak nie zosta\u0107 rozwi\u0105zany, gdy\u017c CKE b\u0119dzie bada\u0107 sama siebie. Przyda\u0142oby si\u0119 zatrudni\u0107 zewn\u0119trznych ekspert\u00f3w, kt\u00f3rzy sprawdziliby, gdzie i przez kogo zosta\u0142y pope\u0142nione b\u0142\u0119dy. Czy wadliwy jest czynnik ludzki (egzaminatorzy \u017ale sprawdzaj\u0105), czy zawi\u00f3d\u0142 system (zasady oceniania wymagaj\u0105 zmian).\u00a0<\/p>\n\n\n\n<p>Niestety CKE zamierza by\u0107 s\u0119dzi\u0105 we w\u0142asnej sprawie, wi\u0119c wiele po tym badaniu nie nale\u017cy si\u0119 spodziewa\u0107. Diagnoza zostanie przeprowadzona w grudniu, a wyniki poznamy w lutym. Nauczyciele te\u017c b\u0119d\u0105 mogli zbada\u0107 uczni\u00f3w i siebie, gdy\u017c CKE udost\u0119pni zainteresowanym szko\u0142om testy diagnostyczne, dawniej zwane pr\u00f3bnymi maturami (szczeg\u00f3\u0142y <a rel=\"noreferrer noopener\" aria-label=\"tutaj (opens in a new tab)\" href=\"https:\/\/glos.pl\/cke-informacja-o-kolejnych-dzialaniach-zwiazanych-z-wdrazaniem-egzaminu-maturalnego-w-formule-2023\" target=\"_blank\">tutaj<\/a>).&nbsp;<\/p>\n","protected":false},"excerpt":{"rendered":"<p>Centralna Komisja Egzaminacyjna og\u0142osi\u0142a, \u017ce przeprowadzi badanie diagnostyczne na reprezentatywnej grupie maturzyst\u00f3w. To efekt bardzo licznych pr\u00f3b podwa\u017cenia wynik\u00f3w egzaminu maturalnego w tym roku.<\/p>\n","protected":false},"author":1,"featured_media":0,"comment_status":"open","ping_status":"closed","sticky":false,"template":"","format":"standard","meta":{"footnotes":""},"categories":[1],"tags":[],"_links":{"self":[{"href":"https:\/\/blog.polityka.pl\/chetkowski\/wp-json\/wp\/v2\/posts\/13710"}],"collection":[{"href":"https:\/\/blog.polityka.pl\/chetkowski\/wp-json\/wp\/v2\/posts"}],"about":[{"href":"https:\/\/blog.polityka.pl\/chetkowski\/wp-json\/wp\/v2\/types\/post"}],"author":[{"embeddable":true,"href":"https:\/\/blog.polityka.pl\/chetkowski\/wp-json\/wp\/v2\/users\/1"}],"replies":[{"embeddable":true,"href":"https:\/\/blog.polityka.pl\/chetkowski\/wp-json\/wp\/v2\/comments?post=13710"}],"version-history":[{"count":3,"href":"https:\/\/blog.polityka.pl\/chetkowski\/wp-json\/wp\/v2\/posts\/13710\/revisions"}],"predecessor-version":[{"id":13713,"href":"https:\/\/blog.polityka.pl\/chetkowski\/wp-json\/wp\/v2\/posts\/13710\/revisions\/13713"}],"wp:attachment":[{"href":"https:\/\/blog.polityka.pl\/chetkowski\/wp-json\/wp\/v2\/media?parent=13710"}],"wp:term":[{"taxonomy":"category","embeddable":true,"href":"https:\/\/blog.polityka.pl\/chetkowski\/wp-json\/wp\/v2\/categories?post=13710"},{"taxonomy":"post_tag","embeddable":true,"href":"https:\/\/blog.polityka.pl\/chetkowski\/wp-json\/wp\/v2\/tags?post=13710"}],"curies":[{"name":"wp","href":"https:\/\/api.w.org\/{rel}","templated":true}]}}