
{"id":13740,"date":"2023-11-30T10:49:38","date_gmt":"2023-11-30T09:49:38","guid":{"rendered":"http:\/\/chetkowski.blog.polityka.pl\/?p=13740"},"modified":"2023-11-30T10:49:38","modified_gmt":"2023-11-30T09:49:38","slug":"zostancie-w-domu-bo-nie-ma-kogo-wyslac-na-zastepstwo-za-chorych-nauczycieli","status":"publish","type":"post","link":"https:\/\/blog.polityka.pl\/chetkowski\/2023\/11\/30\/zostancie-w-domu-bo-nie-ma-kogo-wyslac-na-zastepstwo-za-chorych-nauczycieli\/","title":{"rendered":"Zosta\u0144cie w domu, bo nie ma kogo wys\u0142a\u0107 na zast\u0119pstwo za chorych nauczycieli"},"content":{"rendered":"\n<p>Gdy nauczyciele maj\u0105 codziennie po 7-8 lekcji i \u017cadnego \u201eokienka\u201d, nie ma kogo wys\u0142a\u0107 na zast\u0119pstwo. A ju\u017c na pewno polonista nie zast\u0105pi polonisty, matematyk &#8211; matematyka czy biolog &#8211; biologa. Trzeba wi\u0119c dzieci zwolni\u0107. Nieraz z ca\u0142ego dnia.<\/p>\n\n\n\n<!--more-->\n\n\n\n<p>Uczniowie m\u00f3wi\u0105 rodzicom, \u017ce nie id\u0105 dzisiaj do szko\u0142y, gdy\u017c z trzech lekcji zostali zwolnieni, na dw\u00f3ch po\u0142\u0105czono grupy, na jednej nic si\u0119 nie b\u0119dzie dzia\u0142o, a na ostatniej jest przedmiot, kt\u00f3rego nie zdaj\u0105 na maturze. Nie op\u0142aca si\u0119 dzisiaj i\u015b\u0107 do szko\u0142y, wi\u0119c nie id\u0105.<\/p>\n\n\n\n<p>M\u00f3j dzisiejszy dzie\u0144 (nie ma mnie w szkole) zosta\u0142 zorganizowany tak: klasa 2b zwolniona (dwie lekcje), 3b zwolniona, 1c (wf zamiast polskiego), 1e zwolniona (na j\u0119zyk niemiecki uczniowie czekaj\u0105 w bibliotece), 1a zwolniona (dwie lekcje). Gdyby dyrekcja mog\u0142a, wys\u0142a\u0142aby ludzi na zast\u0119pstwa. Nie ma jednak nikogo wolnego, gdy\u017c wszyscy pracuj\u0105 na dwa etaty (jak nie u nas, to w innej szkole).<\/p>\n\n\n\n<p>Odwiedzi\u0142 nas kolega ze Szwecji, kt\u00f3ry kiedy\u015b tutaj uczy\u0142. Opowiada\u0142, \u017ce w jego szkole na zast\u0119pstwa przychodz\u0105 nauczyciele z zewn\u0105trz, wi\u0119c nie zaburza to pracy kadry. Dyrekcja zg\u0142asza, \u017ce nie b\u0119dzie np. matematyka przez tydzie\u0144 i organ prowadz\u0105cy przysy\u0142a zewn\u0119trznego matematyka. U nas si\u0119 po prostu zwalnia klasy do domu.\u00a0<\/p>\n","protected":false},"excerpt":{"rendered":"<p>Gdy nauczyciele maj\u0105 codziennie po 7-8 lekcji i \u017cadnego \u201eokienka\u201d, nie ma kogo wys\u0142a\u0107 na zast\u0119pstwo. A ju\u017c na pewno polonista nie zast\u0105pi polonisty, matematyk &#8211; matematyka czy biolog &#8211; biologa. Trzeba wi\u0119c dzieci zwolni\u0107. Nieraz z ca\u0142ego dnia.<\/p>\n","protected":false},"author":1,"featured_media":0,"comment_status":"open","ping_status":"closed","sticky":false,"template":"","format":"standard","meta":{"footnotes":""},"categories":[1],"tags":[],"_links":{"self":[{"href":"https:\/\/blog.polityka.pl\/chetkowski\/wp-json\/wp\/v2\/posts\/13740"}],"collection":[{"href":"https:\/\/blog.polityka.pl\/chetkowski\/wp-json\/wp\/v2\/posts"}],"about":[{"href":"https:\/\/blog.polityka.pl\/chetkowski\/wp-json\/wp\/v2\/types\/post"}],"author":[{"embeddable":true,"href":"https:\/\/blog.polityka.pl\/chetkowski\/wp-json\/wp\/v2\/users\/1"}],"replies":[{"embeddable":true,"href":"https:\/\/blog.polityka.pl\/chetkowski\/wp-json\/wp\/v2\/comments?post=13740"}],"version-history":[{"count":2,"href":"https:\/\/blog.polityka.pl\/chetkowski\/wp-json\/wp\/v2\/posts\/13740\/revisions"}],"predecessor-version":[{"id":13742,"href":"https:\/\/blog.polityka.pl\/chetkowski\/wp-json\/wp\/v2\/posts\/13740\/revisions\/13742"}],"wp:attachment":[{"href":"https:\/\/blog.polityka.pl\/chetkowski\/wp-json\/wp\/v2\/media?parent=13740"}],"wp:term":[{"taxonomy":"category","embeddable":true,"href":"https:\/\/blog.polityka.pl\/chetkowski\/wp-json\/wp\/v2\/categories?post=13740"},{"taxonomy":"post_tag","embeddable":true,"href":"https:\/\/blog.polityka.pl\/chetkowski\/wp-json\/wp\/v2\/tags?post=13740"}],"curies":[{"name":"wp","href":"https:\/\/api.w.org\/{rel}","templated":true}]}}