
{"id":13743,"date":"2023-12-01T10:23:31","date_gmt":"2023-12-01T09:23:31","guid":{"rendered":"http:\/\/chetkowski.blog.polityka.pl\/?p=13743"},"modified":"2023-12-01T11:24:12","modified_gmt":"2023-12-01T10:24:12","slug":"nozownik-w-szkole-dyrekcja-apeluje-o-powstrzymanie-sie-przed-pochopnymi-komentarzami","status":"publish","type":"post","link":"https:\/\/blog.polityka.pl\/chetkowski\/2023\/12\/01\/nozownik-w-szkole-dyrekcja-apeluje-o-powstrzymanie-sie-przed-pochopnymi-komentarzami\/","title":{"rendered":"No\u017cownik w szkole. Dyrekcja apeluje o powstrzymanie si\u0119 przed pochopnymi komentarzami"},"content":{"rendered":"\n<p>Zaroi\u0142o si\u0119 od komentarzy po ataku 18-letniego no\u017cownika w Zespole Szk\u00f3\u0142 Powiatowych w Kadzidle na Mazowszu. Ludzie sugerowali, \u017ce w plac\u00f3wce dochodzi\u0142o ju\u017c do agresywnych zachowa\u0144, wi\u0119c to nie pierwszy raz. Dyrekcja zdecydowanie dementuje tego typu plotki: s\u0105 nieprawdziwe i krzywdz\u0105ce.<\/p>\n\n\n\n<!--more-->\n\n\n\n<p>Po zdarzeniu, w kt\u00f3rym poszkodowani zostali uczniowie (szczeg\u00f3\u0142y <a rel=\"noreferrer noopener\" aria-label=\"tutaj (opens in a new tab)\" href=\"https:\/\/glos.pl\/szok-i-ogromne-poruszenie-po-ataku-nozownika-w-szkole-w-zsp-w-kadzidle-na-mazowszu-lekcje-w-czwartek-zostaly-odwolane\" target=\"_blank\">tutaj<\/a>), odwo\u0142ano lekcje w czwartek, a dzisiaj wszyscy maj\u0105 zaj\u0119cia wychowawcze i opieku\u0144cze. Organ prowadz\u0105cy wyda\u0142 o\u015bwiadczenie, i\u017c do plac\u00f3wki \u201enie mia\u0142 \u017cadnych zastrze\u017ce\u0144, pracownicy byli przeszkoleni z zarz\u0105dzania kryzysowego i w sytuacji ogromnego stresu zachowali si\u0119 profesjonalnie\u201d. Zapewne na refleksj\u0119 przyjdzie pora p\u00f3\u017aniej, na razie samorz\u0105dowcy i pracownicy szko\u0142y dbaj\u0105 o to, aby nie by\u0107 winnymi.<\/p>\n\n\n\n<p>Sp\u00f3jrzmy jednak prawdzie w oczy. Uczniowie przynosz\u0105 do szko\u0142y no\u017ce i inne ostre narz\u0119dzia. Niekt\u00f3rzy po to, aby si\u0119 ci\u0105\u0107 (nawet kilka os\u00f3b w klasie tak roz\u0142adowuje stres). Kiedy ogl\u0105da\u0142em z klasami fragment filmu Henryka Dederki pt. \u201eWitajcie w mroku\u201d (nastolatka t\u0142umaczy nastolatce, \u017ce bez no\u017ca nigdzie si\u0119 nie rusza), zawsze okazywa\u0142o si\u0119, \u017ce niekt\u00f3rzy uczniowie maj\u0105 podobne zainteresowania.&nbsp;<\/p>\n\n\n\n<p>Ten fragment filmu najbardziej te\u017c zainteresowa\u0142 znajomego nauczyciela z Pary\u017ca, pana Frederica (ogl\u0105da\u0142 go u mnie w domu kilka razy, a potem opowiada\u0142, jak jest z tym problemem we Francji). Porozmawiajcie z uczniami o no\u017cach \u2013 to apel do nauczycieli, kt\u00f3rzy jeszcze tego nie zrobili \u2013 a szcz\u0119ka wam opadnie. 18-latek, kt\u00f3ry zaatakowa\u0142 uczni\u00f3w w ZSP w Kadzidle, mia\u0142 w domu kolekcj\u0119 no\u017cy. Ciekawe, ile os\u00f3b o tym wiedzia\u0142o?<\/p>\n","protected":false},"excerpt":{"rendered":"<p>Zaroi\u0142o si\u0119 od komentarzy po ataku 18-letniego no\u017cownika w Zespole Szk\u00f3\u0142 Powiatowych w Kadzidle na Mazowszu. Ludzie sugerowali, \u017ce w plac\u00f3wce dochodzi\u0142o ju\u017c do agresywnych zachowa\u0144, wi\u0119c to nie pierwszy raz. Dyrekcja zdecydowanie dementuje tego typu plotki: s\u0105 nieprawdziwe i krzywdz\u0105ce.<\/p>\n","protected":false},"author":1,"featured_media":13748,"comment_status":"open","ping_status":"closed","sticky":false,"template":"","format":"standard","meta":{"footnotes":""},"categories":[1],"tags":[],"_links":{"self":[{"href":"https:\/\/blog.polityka.pl\/chetkowski\/wp-json\/wp\/v2\/posts\/13743"}],"collection":[{"href":"https:\/\/blog.polityka.pl\/chetkowski\/wp-json\/wp\/v2\/posts"}],"about":[{"href":"https:\/\/blog.polityka.pl\/chetkowski\/wp-json\/wp\/v2\/types\/post"}],"author":[{"embeddable":true,"href":"https:\/\/blog.polityka.pl\/chetkowski\/wp-json\/wp\/v2\/users\/1"}],"replies":[{"embeddable":true,"href":"https:\/\/blog.polityka.pl\/chetkowski\/wp-json\/wp\/v2\/comments?post=13743"}],"version-history":[{"count":4,"href":"https:\/\/blog.polityka.pl\/chetkowski\/wp-json\/wp\/v2\/posts\/13743\/revisions"}],"predecessor-version":[{"id":13747,"href":"https:\/\/blog.polityka.pl\/chetkowski\/wp-json\/wp\/v2\/posts\/13743\/revisions\/13747"}],"wp:featuredmedia":[{"embeddable":true,"href":"https:\/\/blog.polityka.pl\/chetkowski\/wp-json\/wp\/v2\/media\/13748"}],"wp:attachment":[{"href":"https:\/\/blog.polityka.pl\/chetkowski\/wp-json\/wp\/v2\/media?parent=13743"}],"wp:term":[{"taxonomy":"category","embeddable":true,"href":"https:\/\/blog.polityka.pl\/chetkowski\/wp-json\/wp\/v2\/categories?post=13743"},{"taxonomy":"post_tag","embeddable":true,"href":"https:\/\/blog.polityka.pl\/chetkowski\/wp-json\/wp\/v2\/tags?post=13743"}],"curies":[{"name":"wp","href":"https:\/\/api.w.org\/{rel}","templated":true}]}}