
{"id":13754,"date":"2023-12-04T07:33:25","date_gmt":"2023-12-04T06:33:25","guid":{"rendered":"http:\/\/chetkowski.blog.polityka.pl\/?p=13754"},"modified":"2023-12-04T10:12:25","modified_gmt":"2023-12-04T09:12:25","slug":"mlodziez-zaprasza-na-studniowke-albo-nie-zaprasza","status":"publish","type":"post","link":"https:\/\/blog.polityka.pl\/chetkowski\/2023\/12\/04\/mlodziez-zaprasza-na-studniowke-albo-nie-zaprasza\/","title":{"rendered":"M\u0142odzie\u017c zaprasza na studni\u00f3wk\u0119 albo nie zaprasza"},"content":{"rendered":"\n<p>Lepiej nikogo nie pyta\u0107, czy idzie na studni\u00f3wk\u0119, gdy\u017c mo\u017ce si\u0119 okaza\u0107, \u017ce nie zosta\u0142 zaproszony. Rok temu pope\u0142ni\u0142em ten b\u0142\u0105d i tylko cz\u0142owieka zdenerwowa\u0142em.<\/p>\n\n\n\n<!--more-->\n\n\n\n<p>Dowiedzia\u0142em si\u0119 wtedy, \u017ce komitet studni\u00f3wkowy zadaje dyrekcji pytanie, kogo nale\u017cy zaprosi\u0107 (czytaj: kogo mo\u017cna nie zaprosi\u0107). Na miejscu szefowej wr\u0119czy\u0142bym rodzicom list\u0119 pracownik\u00f3w, a decyzj\u0119, kogo zaprosi\u0107, pozostawi\u0142bym uczniom.<\/p>\n\n\n\n<p>Pami\u0119tam czasy, kiedy zaprasza\u0142o si\u0119 wszystkich bez wyj\u0105tku. Nawet w czasach najwi\u0119kszego bezrobocia i kryzysu lat 90. \u017cadnego pracownika nie skre\u015blano. Zdarza\u0142y si\u0119 natomiast ograniczenia co do os\u00f3b towarzysz\u0105cych.<\/p>\n\n\n\n<p>Obecnie komitet studni\u00f3wkowy wybiera, kogo mo\u017cna pomin\u0105\u0107. Niekt\u00f3rzy rodzice s\u0105 bardzo pomys\u0142owi w szukaniu oszcz\u0119dno\u015bci. Nie zdziwi\u0142bym si\u0119, gdyby nie zaproszono pani dyrektor. W ko\u0144cu klas maturalnych nie uczy\u2026<\/p>\n","protected":false},"excerpt":{"rendered":"<p>Lepiej nikogo nie pyta\u0107, czy idzie na studni\u00f3wk\u0119, gdy\u017c mo\u017ce si\u0119 okaza\u0107, \u017ce nie zosta\u0142 zaproszony. Rok temu pope\u0142ni\u0142em ten b\u0142\u0105d i tylko cz\u0142owieka zdenerwowa\u0142em.<\/p>\n","protected":false},"author":1,"featured_media":11537,"comment_status":"open","ping_status":"closed","sticky":false,"template":"","format":"standard","meta":{"footnotes":""},"categories":[1],"tags":[],"_links":{"self":[{"href":"https:\/\/blog.polityka.pl\/chetkowski\/wp-json\/wp\/v2\/posts\/13754"}],"collection":[{"href":"https:\/\/blog.polityka.pl\/chetkowski\/wp-json\/wp\/v2\/posts"}],"about":[{"href":"https:\/\/blog.polityka.pl\/chetkowski\/wp-json\/wp\/v2\/types\/post"}],"author":[{"embeddable":true,"href":"https:\/\/blog.polityka.pl\/chetkowski\/wp-json\/wp\/v2\/users\/1"}],"replies":[{"embeddable":true,"href":"https:\/\/blog.polityka.pl\/chetkowski\/wp-json\/wp\/v2\/comments?post=13754"}],"version-history":[{"count":1,"href":"https:\/\/blog.polityka.pl\/chetkowski\/wp-json\/wp\/v2\/posts\/13754\/revisions"}],"predecessor-version":[{"id":13755,"href":"https:\/\/blog.polityka.pl\/chetkowski\/wp-json\/wp\/v2\/posts\/13754\/revisions\/13755"}],"wp:featuredmedia":[{"embeddable":true,"href":"https:\/\/blog.polityka.pl\/chetkowski\/wp-json\/wp\/v2\/media\/11537"}],"wp:attachment":[{"href":"https:\/\/blog.polityka.pl\/chetkowski\/wp-json\/wp\/v2\/media?parent=13754"}],"wp:term":[{"taxonomy":"category","embeddable":true,"href":"https:\/\/blog.polityka.pl\/chetkowski\/wp-json\/wp\/v2\/categories?post=13754"},{"taxonomy":"post_tag","embeddable":true,"href":"https:\/\/blog.polityka.pl\/chetkowski\/wp-json\/wp\/v2\/tags?post=13754"}],"curies":[{"name":"wp","href":"https:\/\/api.w.org\/{rel}","templated":true}]}}