
{"id":13757,"date":"2023-12-06T06:59:49","date_gmt":"2023-12-06T05:59:49","guid":{"rendered":"http:\/\/chetkowski.blog.polityka.pl\/?p=13757"},"modified":"2023-12-05T19:01:46","modified_gmt":"2023-12-05T18:01:46","slug":"zmiany-na-maturze-nie-ma-kim-obsadzac-zespolow-nadzorujacych","status":"publish","type":"post","link":"https:\/\/blog.polityka.pl\/chetkowski\/2023\/12\/06\/zmiany-na-maturze-nie-ma-kim-obsadzac-zespolow-nadzorujacych\/","title":{"rendered":"Zmiany na maturze! Brakuje nauczycieli do zespo\u0142\u00f3w nadzoruj\u0105cych"},"content":{"rendered":"\n<p>Jest projekt zmian na egzaminie maturalnym w roku 2024. Mi\u0119dzy innymi zespo\u0142y nadzoruj\u0105ce przebieg egzaminu maj\u0105 by\u0107 mniejsze. To odpowied\u017a ministerstwa na uwagi dyrektor\u00f3w szk\u00f3\u0142, \u017ce brakuje nauczycieli do prac przy maturze. Teraz nauczycieli mo\u017ce by\u0107 mniej.<\/p>\n\n\n\n<!--more-->\n\n\n\n<p>Obecnie obowi\u0105zuj\u0105ce prawo m\u00f3wi, \u017ce w sk\u0142ad zespo\u0142u nadzoruj\u0105cego mo\u017ce wchodzi\u0107 tylko dwoje nauczycieli, gdy w sali znajduje si\u0119 nie wi\u0119cej ni\u017c pi\u0119cioro zdaj\u0105cych. Sz\u00f3stk\u0119 zdaj\u0105cych musi wi\u0119c pilnowa\u0107 troje nauczycieli. Ministerstwo przychyli\u0142o si\u0119 do pr\u00f3\u015bb dyrektor\u00f3w i podnios\u0142o liczb\u0119 maturzyst\u00f3w, kt\u00f3rymi mo\u017ce zajmowa\u0107 si\u0119 dwoje nauczycieli, do 15. To bardzo u\u0142atwi sprawne zorganizowanie przebiegu egzaminu (o tych i innych zmianach mo\u017cna przeczyta\u0107 <a href=\"https:\/\/glos.pl\/mein-chce-zmian-w-organizacji-matur\" target=\"_blank\" rel=\"noreferrer noopener\" aria-label=\"tutaj (opens in a new tab)\">tutaj<\/a>) .<\/p>\n\n\n\n<p>W wi\u0119kszo\u015bci szk\u00f3\u0142 egzaminy odbywaj\u0105 si\u0119 w wielu ma\u0142ych salach. Teraz mo\u017cna b\u0119dzie tworzy\u0107 grupy 15-osobowe i do ka\u017cdej wyznaczy\u0107 par\u0119 nauczycieli. Przecie\u017c wi\u0119cej do pilnowania maturzyst\u00f3w nie trzeba. Jeden nauczyciel usi\u0105dzie z przodu sali, drugi z ty\u0142u i wszystko ogarn\u0105. Je\u017celi w tym roku do obs\u0142ugi matury dyrektor potrzebowa\u0142 30 ludzi, to po wprowadzeniu zmian wystarczy mu 20.<\/p>\n\n\n\n<p>Zmniejszenie liczby os\u00f3b obs\u0142uguj\u0105cych matur\u0119 jest konieczne, gdy\u017c w szko\u0142ach pracuje mniej nauczycieli, cho\u0107 maj\u0105 wi\u0119cej godzin. Do tego du\u017co pracownik\u00f3w to osoby wysokiego ryzyka, starsi, podatni na choroby i przez to ma\u0142o dyspozycyjni. W niejednej szkole sprawny przebieg egzamin\u00f3w wisi na bardzo cienkim w\u0142osku. Bez zmian w prawie maturzystami nie mia\u0142by si\u0119 kto zaj\u0105\u0107 i mieliby\u015bmy w maju katastrof\u0119.<\/p>\n","protected":false},"excerpt":{"rendered":"<p>Jest projekt zmian na egzaminie maturalnym w roku 2024. Mi\u0119dzy innymi zespo\u0142y nadzoruj\u0105ce przebieg egzaminu maj\u0105 by\u0107 mniejsze. To odpowied\u017a ministerstwa na uwagi dyrektor\u00f3w szk\u00f3\u0142, \u017ce brakuje nauczycieli do prac przy maturze. Teraz nauczycieli mo\u017ce by\u0107 mniej.<\/p>\n","protected":false},"author":1,"featured_media":0,"comment_status":"open","ping_status":"closed","sticky":false,"template":"","format":"standard","meta":{"footnotes":""},"categories":[1],"tags":[],"_links":{"self":[{"href":"https:\/\/blog.polityka.pl\/chetkowski\/wp-json\/wp\/v2\/posts\/13757"}],"collection":[{"href":"https:\/\/blog.polityka.pl\/chetkowski\/wp-json\/wp\/v2\/posts"}],"about":[{"href":"https:\/\/blog.polityka.pl\/chetkowski\/wp-json\/wp\/v2\/types\/post"}],"author":[{"embeddable":true,"href":"https:\/\/blog.polityka.pl\/chetkowski\/wp-json\/wp\/v2\/users\/1"}],"replies":[{"embeddable":true,"href":"https:\/\/blog.polityka.pl\/chetkowski\/wp-json\/wp\/v2\/comments?post=13757"}],"version-history":[{"count":5,"href":"https:\/\/blog.polityka.pl\/chetkowski\/wp-json\/wp\/v2\/posts\/13757\/revisions"}],"predecessor-version":[{"id":13762,"href":"https:\/\/blog.polityka.pl\/chetkowski\/wp-json\/wp\/v2\/posts\/13757\/revisions\/13762"}],"wp:attachment":[{"href":"https:\/\/blog.polityka.pl\/chetkowski\/wp-json\/wp\/v2\/media?parent=13757"}],"wp:term":[{"taxonomy":"category","embeddable":true,"href":"https:\/\/blog.polityka.pl\/chetkowski\/wp-json\/wp\/v2\/categories?post=13757"},{"taxonomy":"post_tag","embeddable":true,"href":"https:\/\/blog.polityka.pl\/chetkowski\/wp-json\/wp\/v2\/tags?post=13757"}],"curies":[{"name":"wp","href":"https:\/\/api.w.org\/{rel}","templated":true}]}}