
{"id":13768,"date":"2023-12-08T13:16:39","date_gmt":"2023-12-08T12:16:39","guid":{"rendered":"http:\/\/chetkowski.blog.polityka.pl\/?p=13768"},"modified":"2023-12-08T13:54:35","modified_gmt":"2023-12-08T12:54:35","slug":"koniec-rzadow-pis-najwyzszy-czas-ocenic-dyrektorow-szkol","status":"publish","type":"post","link":"https:\/\/blog.polityka.pl\/chetkowski\/2023\/12\/08\/koniec-rzadow-pis-najwyzszy-czas-ocenic-dyrektorow-szkol\/","title":{"rendered":"Koniec rz\u0105d\u00f3w PiS. Najwy\u017cszy czas oceni\u0107 dyrektor\u00f3w szk\u00f3\u0142"},"content":{"rendered":"\n<p>Nie odwa\u017cy\u0142bym si\u0119 ocenia\u0107 pracy dyrektora szko\u0142y, ale sprowokowa\u0142 mnie Bogus\u0142aw \u015aliwerski. Na swoim blogu napisa\u0142 dzisiaj, \u017ce dyrektor nie jest liderem dla swoich pracownik\u00f3w, lecz politycznym nadzorc\u0105. Inaczej m\u00f3wi\u0105c, szef trzyma nauczycieli za twarz, aby byli pos\u0142uszni w\u0142adzy. Mocne!<\/p>\n\n\n\n<!--more-->\n\n\n\n<p>Dok\u0142adnie wypowied\u017a prof. \u015aliwerskiego brzmi tak: \u201es\u0105 oni [dyrektorzy szk\u00f3\u0142] nadzorcami politycznej poprawno\u015bci a nie kreatywnymi liderami w zakresie jako\u015bci kszta\u0142cenia i wychowywania m\u0142odych pokole\u0144\u201d (\u017ar\u00f3d\u0142o <a rel=\"noreferrer noopener\" aria-label=\"tutaj (opens in a new tab)\" href=\"https:\/\/sliwerski-pedagog.blogspot.com\/2023\/12\/czy-potrzebna-jest-nam-wiedza-i-opinia.html\" target=\"_blank\">tutaj<\/a> &#8211; przedostatni akapit).<\/p>\n\n\n\n<p>Cokolwiek teraz napisz\u0119, nara\u017c\u0119 si\u0119 swoim dyrektorom, a mam ich czterech (w ka\u017cdej szkole po dw\u00f3ch). Spr\u00f3buj\u0119 wi\u0119c wyrazi\u0107 to delikatnie, aby si\u0119 na mnie nie zawzi\u0119li. Pami\u0119tam, \u017ce ka\u017cdy poprzedni dyrektor (niekt\u00f3rzy ju\u017c \u015bwi\u0119tej pami\u0119ci) zaczyna\u0142 od bycia liderem, a ko\u0144czy\u0142 dok\u0142adnie tak, jak napisa\u0142 \u015aliwerski, czyli jako mniej lub bardziej skuteczne rami\u0119 w\u0142adzy. Ze strachu przed odwo\u0142aniem zamienia\u0142 si\u0119 w zamordyst\u0119.&nbsp;<\/p>\n\n\n\n<p>Moi obecni szefowie s\u0105 dopiero na pocz\u0105tku tej drogi, na razie pr\u00f3buj\u0105 jeszcze przewodzi\u0107, ale ju\u017c mo\u017cna dostrzec pierwsze oznaki przemiany w \u201epolitycznych nadzorc\u00f3w\u201d. Je\u015bli nie zauwa\u017c\u0105 u siebie zacz\u0105tk\u00f3w przemiany, nied\u0142ugo przepoczwarz\u0105 si\u0119 zupe\u0142nie. Jest jednak jeszcze szansa na zatrzymanie tego procesu, trzeba tylko przejrze\u0107 si\u0119 w oczach pracownik\u00f3w. Mo\u017ce jaka\u015b ewaluacja?<\/p>\n\n\n\n<p>Je\u015bli nauczyciele wypalaj\u0105 si\u0119 w tej pracy, to dyrektorzy bardziej i szybciej. Zaczyna si\u0119 od zatopienia w papierach i podenerwowania, \u017ce nauczyciele zawracaj\u0105 dup\u0119. Rozdra\u017cnienie bywa pocz\u0105tkiem wypalenia. No i utrata zdolno\u015bci do sprzeciwu politykom. Nie dajcie si\u0119 przygnie\u015b\u0107 obowi\u0105zkom i nie b\u00f3jcie si\u0119 swoich zwierzchnik\u00f3w. Kreatywny lider nie jest s\u0142ug\u0105 nikogo.<\/p>\n","protected":false},"excerpt":{"rendered":"<p>Nie odwa\u017cy\u0142bym si\u0119 ocenia\u0107 pracy dyrektora szko\u0142y, ale sprowokowa\u0142 mnie Bogus\u0142aw \u015aliwerski. Na swoim blogu napisa\u0142 dzisiaj, \u017ce dyrektor nie jest liderem dla swoich pracownik\u00f3w, lecz politycznym nadzorc\u0105. Inaczej m\u00f3wi\u0105c, szef trzyma nauczycieli za twarz, aby byli pos\u0142uszni w\u0142adzy. Mocne!<\/p>\n","protected":false},"author":1,"featured_media":0,"comment_status":"open","ping_status":"closed","sticky":false,"template":"","format":"standard","meta":{"footnotes":""},"categories":[1],"tags":[],"_links":{"self":[{"href":"https:\/\/blog.polityka.pl\/chetkowski\/wp-json\/wp\/v2\/posts\/13768"}],"collection":[{"href":"https:\/\/blog.polityka.pl\/chetkowski\/wp-json\/wp\/v2\/posts"}],"about":[{"href":"https:\/\/blog.polityka.pl\/chetkowski\/wp-json\/wp\/v2\/types\/post"}],"author":[{"embeddable":true,"href":"https:\/\/blog.polityka.pl\/chetkowski\/wp-json\/wp\/v2\/users\/1"}],"replies":[{"embeddable":true,"href":"https:\/\/blog.polityka.pl\/chetkowski\/wp-json\/wp\/v2\/comments?post=13768"}],"version-history":[{"count":7,"href":"https:\/\/blog.polityka.pl\/chetkowski\/wp-json\/wp\/v2\/posts\/13768\/revisions"}],"predecessor-version":[{"id":13775,"href":"https:\/\/blog.polityka.pl\/chetkowski\/wp-json\/wp\/v2\/posts\/13768\/revisions\/13775"}],"wp:attachment":[{"href":"https:\/\/blog.polityka.pl\/chetkowski\/wp-json\/wp\/v2\/media?parent=13768"}],"wp:term":[{"taxonomy":"category","embeddable":true,"href":"https:\/\/blog.polityka.pl\/chetkowski\/wp-json\/wp\/v2\/categories?post=13768"},{"taxonomy":"post_tag","embeddable":true,"href":"https:\/\/blog.polityka.pl\/chetkowski\/wp-json\/wp\/v2\/tags?post=13768"}],"curies":[{"name":"wp","href":"https:\/\/api.w.org\/{rel}","templated":true}]}}