
{"id":13777,"date":"2023-12-09T12:08:47","date_gmt":"2023-12-09T11:08:47","guid":{"rendered":"http:\/\/chetkowski.blog.polityka.pl\/?p=13777"},"modified":"2023-12-09T18:20:08","modified_gmt":"2023-12-09T17:20:08","slug":"ministra-edukacji-czy-ministerka","status":"publish","type":"post","link":"https:\/\/blog.polityka.pl\/chetkowski\/2023\/12\/09\/ministra-edukacji-czy-ministerka\/","title":{"rendered":"Ministra edukacji czy ministerka?"},"content":{"rendered":"\n<p>Nie ma zgody, jak nazywa\u0107 kandydatk\u0119 na szefow\u0105 MEN w rz\u0105dzie Donalda Tuska. Jest ni\u0105 Barbara Nowacka. B\u0119dzie ministrem edukacji, ministerk\u0105 czy ministr\u0105?<\/p>\n\n\n\n<!--more-->\n\n\n\n<p>W &#8222;G\u0142osie Nauczycielskim&#8221; zosta\u0142a nazwana ministerk\u0105 (zob. <a href=\"https:\/\/glos.pl\/kim-sa-przyszli-ministrowie-edukacji-oraz-nauki-i-szkolnictwa-wyzszego\" target=\"_blank\" rel=\"noreferrer noopener\" aria-label=\"tutaj (opens in a new tab)\">tutaj<\/a>). Skoro jest nauczycielka (nauczyciel+ka), to mo\u017ce by\u0107 te\u017c minister+ka. Trzeba si\u0119 tylko do tej formy przyzwyczai\u0107.<\/p>\n\n\n\n<p>Wydaje si\u0119, \u017ce forma \u201eministerka\u201d jest forsowana jako najbardziej naturalna dla j\u0119zyka polskiego (formant \u201e-ka\u201d, senator, senatorka). Natomiast \u201eministra\u201d wydaje si\u0119 wprawdzie bardziej dostojna, ale tak si\u0119 form \u017ce\u0144skich od m\u0119skich raczej nie tworzy (chyba \u017ce: wo\u017any, wo\u017ana, radny, radna).<\/p>\n\n\n\n<p>S\u0105 jeszcze inne sposoby tworzenia form \u017ce\u0144skich, np. przy pomocy przyrostka -owa (szef, szefowa), -anka (pose\u0142, pos\u0142anka), -ini lub -yni (b\u00f3g, bogini, gospodarz, gospodyni), -ica lub -yca (czarownik, czarownica, papie\u017c, papie\u017cyca). A to przecie\u017c dopiero pocz\u0105tek inwencji j\u0119zykowej.<\/p>\n\n\n\n<p>Je\u015bli wi\u0119c nie podoba si\u0119 \u201eministerka\u201d oraz \u201eministra\u201d, mo\u017cna do Barbary Nowackiej zwraca\u0107 si\u0119 per \u201eministrowa\u201d, \u201eministerianka\u201d, \u201eministrzyni\u201d albo \u201eministrzyca\u201d. Skoro nazwa urz\u0119du ministerialnego pe\u0142nionego przez kobiet\u0119 nie jest jeszcze ustalona, mo\u017cna \u015bmia\u0142o proponowa\u0107 swoj\u0105 wersj\u0119. Najlepsza ma szans\u0119 si\u0119 przyj\u0105\u0107.<\/p>\n","protected":false},"excerpt":{"rendered":"<p>Nie ma zgody, jak nazywa\u0107 kandydatk\u0119 na szefow\u0105 MEN w rz\u0105dzie Donalda Tuska. Jest ni\u0105 Barbara Nowacka. B\u0119dzie ministrem edukacji, ministerk\u0105 czy ministr\u0105?<\/p>\n","protected":false},"author":1,"featured_media":13784,"comment_status":"open","ping_status":"closed","sticky":false,"template":"","format":"standard","meta":{"footnotes":""},"categories":[1],"tags":[],"_links":{"self":[{"href":"https:\/\/blog.polityka.pl\/chetkowski\/wp-json\/wp\/v2\/posts\/13777"}],"collection":[{"href":"https:\/\/blog.polityka.pl\/chetkowski\/wp-json\/wp\/v2\/posts"}],"about":[{"href":"https:\/\/blog.polityka.pl\/chetkowski\/wp-json\/wp\/v2\/types\/post"}],"author":[{"embeddable":true,"href":"https:\/\/blog.polityka.pl\/chetkowski\/wp-json\/wp\/v2\/users\/1"}],"replies":[{"embeddable":true,"href":"https:\/\/blog.polityka.pl\/chetkowski\/wp-json\/wp\/v2\/comments?post=13777"}],"version-history":[{"count":5,"href":"https:\/\/blog.polityka.pl\/chetkowski\/wp-json\/wp\/v2\/posts\/13777\/revisions"}],"predecessor-version":[{"id":13782,"href":"https:\/\/blog.polityka.pl\/chetkowski\/wp-json\/wp\/v2\/posts\/13777\/revisions\/13782"}],"wp:featuredmedia":[{"embeddable":true,"href":"https:\/\/blog.polityka.pl\/chetkowski\/wp-json\/wp\/v2\/media\/13784"}],"wp:attachment":[{"href":"https:\/\/blog.polityka.pl\/chetkowski\/wp-json\/wp\/v2\/media?parent=13777"}],"wp:term":[{"taxonomy":"category","embeddable":true,"href":"https:\/\/blog.polityka.pl\/chetkowski\/wp-json\/wp\/v2\/categories?post=13777"},{"taxonomy":"post_tag","embeddable":true,"href":"https:\/\/blog.polityka.pl\/chetkowski\/wp-json\/wp\/v2\/tags?post=13777"}],"curies":[{"name":"wp","href":"https:\/\/api.w.org\/{rel}","templated":true}]}}