
{"id":13794,"date":"2023-12-15T14:30:19","date_gmt":"2023-12-15T13:30:19","guid":{"rendered":"http:\/\/chetkowski.blog.polityka.pl\/?p=13794"},"modified":"2023-12-15T14:30:19","modified_gmt":"2023-12-15T13:30:19","slug":"do-konca-roku-maja-zostac-odwolani-wszyscy-kuratorzy-oswiaty","status":"publish","type":"post","link":"https:\/\/blog.polityka.pl\/chetkowski\/2023\/12\/15\/do-konca-roku-maja-zostac-odwolani-wszyscy-kuratorzy-oswiaty\/","title":{"rendered":"Do ko\u0144ca roku maj\u0105 zosta\u0107 odwo\u0142ani wszyscy kuratorzy o\u015bwiaty"},"content":{"rendered":"\n<p>Barbara Nowak zosta\u0142a odwo\u0142ana z funkcji ma\u0142opolskiego kuratora o\u015bwiaty. Jednak ministra edukacji na tej jednej dymisji nie zamierza poprzesta\u0107. Do ko\u0144ca roku maj\u0105 zosta\u0107 odwo\u0142ani wszyscy kuratorzy.&nbsp;<\/p>\n\n\n\n<!--more-->\n\n\n\n<p>Tempo sprz\u0105tania po PiS robi wra\u017cenie. Dymisje by\u0142y oczekiwane. Zaskoczeniem jest jedynie fakt, i\u017c odbywa si\u0119 to przed \u015bwi\u0119tami. Widocznie Barbara Nowacka uzna\u0142a, i\u017c nie ma co zwleka\u0107. Nie ma co si\u0119 cacka\u0107 z kuratorami, kt\u00f3rzy s\u0142u\u017cyli partii. Ich czas przemin\u0105\u0142.<\/p>\n\n\n\n<p>Kuratoria o\u015bwiaty zosta\u0142y tak mocno upolitycznione, \u017ce nauczyciele wo\u0142ali wr\u0119cz o likwidacj\u0119 tych instytucji. To si\u0119 jednak nie stanie. Zapewne wymiana kurator\u00f3w to za ma\u0142o, w ko\u0144cu nie dzia\u0142ali tam sami, lecz mieli swoich ludzi. Nale\u017ca\u0142oby ich wszystkich odes\u0142a\u0107 do szk\u00f3\u0142, niech ucz\u0105 dzieci. Podejrzewam, \u017ce by\u0142aby to dla nich najwi\u0119ksza kara.&nbsp;<\/p>\n","protected":false},"excerpt":{"rendered":"<p>Barbara Nowak zosta\u0142a odwo\u0142ana z funkcji ma\u0142opolskiego kuratora o\u015bwiaty. Jednak ministra edukacji na tej jednej dymisji nie zamierza poprzesta\u0107. Do ko\u0144ca roku maj\u0105 zosta\u0107 odwo\u0142ani wszyscy kuratorzy.&nbsp;<\/p>\n","protected":false},"author":1,"featured_media":0,"comment_status":"open","ping_status":"closed","sticky":false,"template":"","format":"standard","meta":{"footnotes":""},"categories":[1],"tags":[],"_links":{"self":[{"href":"https:\/\/blog.polityka.pl\/chetkowski\/wp-json\/wp\/v2\/posts\/13794"}],"collection":[{"href":"https:\/\/blog.polityka.pl\/chetkowski\/wp-json\/wp\/v2\/posts"}],"about":[{"href":"https:\/\/blog.polityka.pl\/chetkowski\/wp-json\/wp\/v2\/types\/post"}],"author":[{"embeddable":true,"href":"https:\/\/blog.polityka.pl\/chetkowski\/wp-json\/wp\/v2\/users\/1"}],"replies":[{"embeddable":true,"href":"https:\/\/blog.polityka.pl\/chetkowski\/wp-json\/wp\/v2\/comments?post=13794"}],"version-history":[{"count":1,"href":"https:\/\/blog.polityka.pl\/chetkowski\/wp-json\/wp\/v2\/posts\/13794\/revisions"}],"predecessor-version":[{"id":13795,"href":"https:\/\/blog.polityka.pl\/chetkowski\/wp-json\/wp\/v2\/posts\/13794\/revisions\/13795"}],"wp:attachment":[{"href":"https:\/\/blog.polityka.pl\/chetkowski\/wp-json\/wp\/v2\/media?parent=13794"}],"wp:term":[{"taxonomy":"category","embeddable":true,"href":"https:\/\/blog.polityka.pl\/chetkowski\/wp-json\/wp\/v2\/categories?post=13794"},{"taxonomy":"post_tag","embeddable":true,"href":"https:\/\/blog.polityka.pl\/chetkowski\/wp-json\/wp\/v2\/tags?post=13794"}],"curies":[{"name":"wp","href":"https:\/\/api.w.org\/{rel}","templated":true}]}}