
{"id":13817,"date":"2023-12-30T12:37:07","date_gmt":"2023-12-30T11:37:07","guid":{"rendered":"http:\/\/chetkowski.blog.polityka.pl\/?p=13817"},"modified":"2023-12-30T20:10:04","modified_gmt":"2023-12-30T19:10:04","slug":"matematyk-zastapil-historyka","status":"publish","type":"post","link":"https:\/\/blog.polityka.pl\/chetkowski\/2023\/12\/30\/matematyk-zastapil-historyka\/","title":{"rendered":"Matematyk zast\u0105pi\u0142 historyka"},"content":{"rendered":"\n<p>Dw\u00f3ch poprzednich kurator\u00f3w o\u015bwiaty w \u0141odzi by\u0142o historykami. Grzegorz Wierzchowski, powo\u0142any przez PiS w roku 2016 roku, specjalizowa\u0142 si\u0119 w dziejach zakon\u00f3w. Jego praca doktorska dotyczy\u0142a klasztoru dominikan\u00f3w w Sieradzu. Waldemar Flajszer zosta\u0142 kuratorem w roku 2020. Jest magistrem historii. Obydwaj byli te\u017c cz\u0142onkami PiS.<\/p>\n\n\n\n<!--more-->\n\n\n\n<p>Barbara Nowacka do pe\u0142nienia obowi\u0105zk\u00f3w kuratora o\u015bwiaty w \u0141odzi powo\u0142a\u0142a matematyka Janusza Brzozowskiego. Specjalizuje si\u0119 w wykorzystywaniu technologii informacyjnej w edukacji oraz w ochronie danych osobowych (studia podyplomowe). Nie wiadomo, czy zostanie kuratorem o\u015bwiaty w \u0141odzi, na razie pe\u0142ni tylko jego obowi\u0105zki.<\/p>\n\n\n\n<p>Czy to koniec w\u0142adzy historyk\u00f3w w \u0142\u00f3dzkiej o\u015bwiacie? Czy teraz b\u0119d\u0105 ni\u0105 zarz\u0105dza\u0107 matematycy? No i czy to ma znaczenie, jakie studia uko\u0144czy\u0142 kurator o\u015bwiaty? Lepszy historyk czy matematyk? A mo\u017ce wszystko jedno?<\/p>\n\n\n\n<p>Warto te\u017c zwr\u00f3ci\u0107 uwag\u0119 na posiadanie legitymacji partyjnej. Poprzedni kuratorzy byli aktywnymi cz\u0142onkami PiS. Czy nowi kuratorzy te\u017c b\u0119d\u0105 nale\u017ce\u0107 do rz\u0105dz\u0105cej partii? Czy doczekamy si\u0119 wreszcie bezpartyjnych fachowc\u00f3w?<\/p>\n","protected":false},"excerpt":{"rendered":"<p>Dw\u00f3ch poprzednich kurator\u00f3w o\u015bwiaty w \u0141odzi by\u0142o historykami. Grzegorz Wierzchowski, powo\u0142any przez PiS w roku 2016 roku, specjalizowa\u0142 si\u0119 w dziejach zakon\u00f3w. Jego praca doktorska dotyczy\u0142a klasztoru dominikan\u00f3w w Sieradzu. Waldemar Flajszer zosta\u0142 kuratorem w roku 2020. Jest magistrem historii. Obydwaj byli te\u017c cz\u0142onkami PiS.<\/p>\n","protected":false},"author":1,"featured_media":11738,"comment_status":"open","ping_status":"closed","sticky":false,"template":"","format":"standard","meta":{"footnotes":""},"categories":[1],"tags":[],"_links":{"self":[{"href":"https:\/\/blog.polityka.pl\/chetkowski\/wp-json\/wp\/v2\/posts\/13817"}],"collection":[{"href":"https:\/\/blog.polityka.pl\/chetkowski\/wp-json\/wp\/v2\/posts"}],"about":[{"href":"https:\/\/blog.polityka.pl\/chetkowski\/wp-json\/wp\/v2\/types\/post"}],"author":[{"embeddable":true,"href":"https:\/\/blog.polityka.pl\/chetkowski\/wp-json\/wp\/v2\/users\/1"}],"replies":[{"embeddable":true,"href":"https:\/\/blog.polityka.pl\/chetkowski\/wp-json\/wp\/v2\/comments?post=13817"}],"version-history":[{"count":4,"href":"https:\/\/blog.polityka.pl\/chetkowski\/wp-json\/wp\/v2\/posts\/13817\/revisions"}],"predecessor-version":[{"id":13821,"href":"https:\/\/blog.polityka.pl\/chetkowski\/wp-json\/wp\/v2\/posts\/13817\/revisions\/13821"}],"wp:featuredmedia":[{"embeddable":true,"href":"https:\/\/blog.polityka.pl\/chetkowski\/wp-json\/wp\/v2\/media\/11738"}],"wp:attachment":[{"href":"https:\/\/blog.polityka.pl\/chetkowski\/wp-json\/wp\/v2\/media?parent=13817"}],"wp:term":[{"taxonomy":"category","embeddable":true,"href":"https:\/\/blog.polityka.pl\/chetkowski\/wp-json\/wp\/v2\/categories?post=13817"},{"taxonomy":"post_tag","embeddable":true,"href":"https:\/\/blog.polityka.pl\/chetkowski\/wp-json\/wp\/v2\/tags?post=13817"}],"curies":[{"name":"wp","href":"https:\/\/api.w.org\/{rel}","templated":true}]}}