
{"id":13828,"date":"2024-01-06T16:59:14","date_gmt":"2024-01-06T15:59:14","guid":{"rendered":"http:\/\/chetkowski.blog.polityka.pl\/?p=13828"},"modified":"2024-01-06T20:24:54","modified_gmt":"2024-01-06T19:24:54","slug":"matura-dla-osob-ktore-nie-przeczytaly-ani-jednej-lektury","status":"publish","type":"post","link":"https:\/\/blog.polityka.pl\/chetkowski\/2024\/01\/06\/matura-dla-osob-ktore-nie-przeczytaly-ani-jednej-lektury\/","title":{"rendered":"Matura dla os\u00f3b, kt\u00f3re nie przeczyta\u0142y ani jednej lektury"},"content":{"rendered":"\n<p>By\u0142em \u015bwiadkiem jak po pr\u00f3bnej maturze z j\u0119zyka polskiego grupa nastolatk\u00f3w spiera\u0142a si\u0119, sk\u0105d pochodzi has\u0142o \u201ePolska Winkelriedem narod\u00f3w\u201d. W ko\u0144cu sprawdzono w internecie i odkryto, \u017ce to \u201eKordian\u201d S\u0142owackiego. Jedna dziewczyna mia\u0142a dobrze, a reszta \u017ale. Trudno mi by\u0142o uwierzy\u0107, \u017ce uczniowie nie pami\u0119taj\u0105 tak wa\u017cnego has\u0142a polskiego romantyzmu.<\/p>\n\n\n\n<!--more-->\n\n\n\n<p>Dziewczyna, kt\u00f3ra okaza\u0142a si\u0119 wyj\u0105tkiem, a\u017c podskoczy\u0142a z rado\u015bci. By\u0142a z siebie dumna. Od razu wyja\u015bni\u0142a, \u017ce nie czyta\u0142a \u201eKordiana\u201d, tak g\u0142upia przecie\u017c nie jest. Po prostu ma dobr\u0105 pami\u0119\u0107, zapami\u0119ta\u0142a to, o czym by\u0142o na lekcji.<\/p>\n\n\n\n<p>Uczniowie ucz\u0105 si\u0119 lektur szkolnych metod\u0105 wbijania sobie do g\u0142owy najwa\u017cniejszych fakt\u00f3w, np. Dziady cz. 3, Konrad, prometeizm, ksi\u0105dz Piotr, mesjanizm, 44 (tyle powinno wystarczy\u0107, czyta\u0107 utworu nie trzeba). Do tej esencji dolewa si\u0119 potem wod\u0119 og\u00f3lnik\u00f3w oraz bana\u0142\u00f3w i wychodzi z tego wypracowanie maturalne. Ujdzie wtedy, gdy ucze\u0144 nie pomiesza fakt\u00f3w.<\/p>\n\n\n\n<p>Zwykle jednak ucze\u0144 sypie b\u0142\u0119dami. Ostatnio czyta\u0142em prac\u0119, w kt\u00f3rej nastolatek zdecydowa\u0142 si\u0119 przywo\u0142a\u0107 \u201eIliad\u0119\u201d Homera. Napisa\u0142, jak to Achilles zosta\u0142 zabity przez Hektora (by\u0142o odwrotnie), a potem Patrokles postanowi\u0142 pom\u015bci\u0107 \u015bmier\u0107 przyjaciela, dlatego wywo\u0142a\u0142 Hektora na pojedynek i go zabi\u0142 (by\u0142o odwrotnie: Hektor zabi\u0142 Patroklesa, a potem zgin\u0105\u0142 z r\u0119ki Achillesa). Za tego typu b\u0142\u0105d odejmuje si\u0119 tylko jeden punkt (na 35 mo\u017cliwych), wi\u0119c to \u017cadna strata. A poza tym \u2013 us\u0142ysza\u0142em od ucznia \u2013 a\u017c tak bardzo si\u0119 nie pomyli\u0142.<\/p>\n","protected":false},"excerpt":{"rendered":"<p>By\u0142em \u015bwiadkiem jak po pr\u00f3bnej maturze z j\u0119zyka polskiego grupa nastolatk\u00f3w spiera\u0142a si\u0119, sk\u0105d pochodzi has\u0142o \u201ePolska Winkelriedem narod\u00f3w\u201d. W ko\u0144cu sprawdzono w internecie i odkryto, \u017ce to \u201eKordian\u201d S\u0142owackiego. Jedna dziewczyna mia\u0142a dobrze, a reszta \u017ale. Trudno mi by\u0142o uwierzy\u0107, \u017ce uczniowie nie pami\u0119taj\u0105 tak wa\u017cnego has\u0142a polskiego romantyzmu.<\/p>\n","protected":false},"author":1,"featured_media":10980,"comment_status":"open","ping_status":"closed","sticky":false,"template":"","format":"standard","meta":{"footnotes":""},"categories":[1],"tags":[],"_links":{"self":[{"href":"https:\/\/blog.polityka.pl\/chetkowski\/wp-json\/wp\/v2\/posts\/13828"}],"collection":[{"href":"https:\/\/blog.polityka.pl\/chetkowski\/wp-json\/wp\/v2\/posts"}],"about":[{"href":"https:\/\/blog.polityka.pl\/chetkowski\/wp-json\/wp\/v2\/types\/post"}],"author":[{"embeddable":true,"href":"https:\/\/blog.polityka.pl\/chetkowski\/wp-json\/wp\/v2\/users\/1"}],"replies":[{"embeddable":true,"href":"https:\/\/blog.polityka.pl\/chetkowski\/wp-json\/wp\/v2\/comments?post=13828"}],"version-history":[{"count":2,"href":"https:\/\/blog.polityka.pl\/chetkowski\/wp-json\/wp\/v2\/posts\/13828\/revisions"}],"predecessor-version":[{"id":13830,"href":"https:\/\/blog.polityka.pl\/chetkowski\/wp-json\/wp\/v2\/posts\/13828\/revisions\/13830"}],"wp:featuredmedia":[{"embeddable":true,"href":"https:\/\/blog.polityka.pl\/chetkowski\/wp-json\/wp\/v2\/media\/10980"}],"wp:attachment":[{"href":"https:\/\/blog.polityka.pl\/chetkowski\/wp-json\/wp\/v2\/media?parent=13828"}],"wp:term":[{"taxonomy":"category","embeddable":true,"href":"https:\/\/blog.polityka.pl\/chetkowski\/wp-json\/wp\/v2\/categories?post=13828"},{"taxonomy":"post_tag","embeddable":true,"href":"https:\/\/blog.polityka.pl\/chetkowski\/wp-json\/wp\/v2\/tags?post=13828"}],"curies":[{"name":"wp","href":"https:\/\/api.w.org\/{rel}","templated":true}]}}