
{"id":13841,"date":"2024-01-12T00:24:29","date_gmt":"2024-01-11T23:24:29","guid":{"rendered":"http:\/\/chetkowski.blog.polityka.pl\/?p=13841"},"modified":"2024-01-12T09:25:58","modified_gmt":"2024-01-12T08:25:58","slug":"ranking-liceow-i-technikow-perspektywy-2024-dlaczego-szkoly-uwielbiaja-rywalizowac","status":"publish","type":"post","link":"https:\/\/blog.polityka.pl\/chetkowski\/2024\/01\/12\/ranking-liceow-i-technikow-perspektywy-2024-dlaczego-szkoly-uwielbiaja-rywalizowac\/","title":{"rendered":"Ranking Lice\u00f3w i Technik\u00f3w Perspektywy 2024. Dlaczego szko\u0142y uwielbiaj\u0105 rywalizowa\u0107?"},"content":{"rendered":"\n<p>Nie oszukujmy si\u0119. Wszyscy uwielbiamy rywalizacj\u0119. Jak tylko opublikowany zosta\u0142 Ranking Lice\u00f3w i Technik\u00f3w Perspektywy 2024, rzucili\u015bmy si\u0119 sprawdza\u0107, kogo pokonali\u015bmy, a komu, niestety, ulegli\u015bmy. Rywalizacja jest bardzo podniecaj\u0105ca.<\/p>\n\n\n\n<!--more-->\n\n\n\n<p>Od wielu lat s\u0142ysz\u0119 na szkoleniach dla nauczycieli, \u017ce powinni\u015bmy uczy\u0107 wsp\u00f3\u0142pracy. \u017be cz\u0142owiek mo\u017ce najwi\u0119cej osi\u0105gn\u0105\u0107, gdy dzia\u0142a razem. Koniecznie nale\u017cy zerwa\u0107 z rywalizacj\u0105, gdy\u017c daje sukcesy pozorne. S\u0142uchamy tych uwag, zgadzamy si\u0119 z nimi, dajemy s\u0142owo, \u017ce b\u0119dziemy uczy\u0107 dzieci wsp\u00f3\u0142pracy, \u017ce nawi\u0105\u017cemy te\u017c wsp\u00f3\u0142prac\u0119 z innymi szko\u0142ami, ale s\u0142owa nie dotrzymujemy. Wsp\u00f3\u0142praca nikogo nie podnieca.<\/p>\n\n\n\n<p>Dyrektorzy \u0142\u00f3dzkich szk\u00f3\u0142 dobrze si\u0119 znaj\u0105, niekt\u00f3rzy nawet wsp\u00f3lnie imprezuj\u0105. Jednak na tym ko\u0144czy si\u0119 wsp\u00f3\u0142praca. Mo\u017cna si\u0119 razem bawi\u0107, mo\u017cna poplotkowa\u0107, ale potem ka\u017cdy wraca na swoje podw\u00f3rko i zach\u0119ca pracownik\u00f3w do rywalizacji. Nigdy nie zapomn\u0119 s\u0142\u00f3w dyrektora, kt\u00f3ry motywowa\u0142 nas do pracy, m\u00f3wi\u0105c, \u017ce mo\u017cemy by\u0107 najgorsi, byle za nami by\u0142o liceum takie a takie (tu wymienia\u0142 konkretn\u0105 szko\u0142\u0119, naszego odwiecznego rywala).<\/p>\n\n\n\n<p>Po og\u0142oszeniu wynik\u00f3w Rankingu Perspektywy 2024 w \u0141odzi si\u0119 zakot\u0142owa\u0142o. Nikogo nie interesowa\u0142o, jak\u0105 jako\u015b\u0107 osi\u0105gn\u0119li\u015bmy w tym roku (przy ka\u017cdej szkole jest podana w skali od zera do stu). Liczy\u0142o si\u0119, kogo pokonali\u015bmy, a kto pokona\u0142 nas. No wi\u0119c 1 LO w \u0141odzi roz\u0142o\u017cy\u0142o na \u0142opatki wszystkich i zdoby\u0142o pierwsze miejsce w wojew\u00f3dztwie (Brawo!). Dwie pozosta\u0142e szko\u0142y z podium \u2013 Liceum Uniwersytetu \u0141\u00f3dzkiego (miejsce 2) i Liceum Politechniki \u0141\u00f3dzkiej (miejsce 3) &#8211; gryz\u0105 palce do ko\u015bci i kombinuj\u0105, jak si\u0119 zem\u015bci\u0107. Wsp\u00f3\u0142praca nie wchodzi w gr\u0119. Szykujemy si\u0119 do nowego turnieju.<\/p>\n\n\n\n<p>Ranking Lice\u00f3w (<a href=\"https:\/\/2024.licea.perspektywy.pl\/2024\/rankings\">tutaj<\/a>) i Technik\u00f3w (<a href=\"https:\/\/2024.technika.perspektywy.pl\/2024\/rankings\">tutaj<\/a>) Perspektywy 2024. Szko\u0142y wojew\u00f3dztwa \u0142\u00f3dzkiego <a href=\"https:\/\/2024.licea.perspektywy.pl\/2024\/rankings\/ranking-lodzki\" target=\"_blank\" rel=\"noreferrer noopener\" aria-label=\"tutaj (opens in a new tab)\">tutaj<\/a>.<\/p>\n","protected":false},"excerpt":{"rendered":"<p>Nie oszukujmy si\u0119. Wszyscy uwielbiamy rywalizacj\u0119. Jak tylko opublikowany zosta\u0142 Ranking Lice\u00f3w i Technik\u00f3w Perspektywy 2024, rzucili\u015bmy si\u0119 sprawdza\u0107, kogo pokonali\u015bmy, a komu, niestety, ulegli\u015bmy. Rywalizacja jest bardzo podniecaj\u0105ca.<\/p>\n","protected":false},"author":1,"featured_media":11006,"comment_status":"open","ping_status":"closed","sticky":false,"template":"","format":"standard","meta":{"footnotes":""},"categories":[1],"tags":[],"_links":{"self":[{"href":"https:\/\/blog.polityka.pl\/chetkowski\/wp-json\/wp\/v2\/posts\/13841"}],"collection":[{"href":"https:\/\/blog.polityka.pl\/chetkowski\/wp-json\/wp\/v2\/posts"}],"about":[{"href":"https:\/\/blog.polityka.pl\/chetkowski\/wp-json\/wp\/v2\/types\/post"}],"author":[{"embeddable":true,"href":"https:\/\/blog.polityka.pl\/chetkowski\/wp-json\/wp\/v2\/users\/1"}],"replies":[{"embeddable":true,"href":"https:\/\/blog.polityka.pl\/chetkowski\/wp-json\/wp\/v2\/comments?post=13841"}],"version-history":[{"count":2,"href":"https:\/\/blog.polityka.pl\/chetkowski\/wp-json\/wp\/v2\/posts\/13841\/revisions"}],"predecessor-version":[{"id":13843,"href":"https:\/\/blog.polityka.pl\/chetkowski\/wp-json\/wp\/v2\/posts\/13841\/revisions\/13843"}],"wp:featuredmedia":[{"embeddable":true,"href":"https:\/\/blog.polityka.pl\/chetkowski\/wp-json\/wp\/v2\/media\/11006"}],"wp:attachment":[{"href":"https:\/\/blog.polityka.pl\/chetkowski\/wp-json\/wp\/v2\/media?parent=13841"}],"wp:term":[{"taxonomy":"category","embeddable":true,"href":"https:\/\/blog.polityka.pl\/chetkowski\/wp-json\/wp\/v2\/categories?post=13841"},{"taxonomy":"post_tag","embeddable":true,"href":"https:\/\/blog.polityka.pl\/chetkowski\/wp-json\/wp\/v2\/tags?post=13841"}],"curies":[{"name":"wp","href":"https:\/\/api.w.org\/{rel}","templated":true}]}}