
{"id":13845,"date":"2024-01-13T19:33:35","date_gmt":"2024-01-13T18:33:35","guid":{"rendered":"http:\/\/chetkowski.blog.polityka.pl\/?p=13845"},"modified":"2024-01-15T12:21:19","modified_gmt":"2024-01-15T11:21:19","slug":"odwolac-dyrektora-centralnej-komisji-egzaminacyjnej","status":"publish","type":"post","link":"https:\/\/blog.polityka.pl\/chetkowski\/2024\/01\/13\/odwolac-dyrektora-centralnej-komisji-egzaminacyjnej\/","title":{"rendered":"Odwo\u0142a\u0107 dyrektora Centralnej Komisji Egzaminacyjnej"},"content":{"rendered":"\n<p>Coraz wi\u0119cej podmiot\u00f3w domaga si\u0119 odwo\u0142ania Marcina Smolika z funkcji dyrektora Centralnej Komisji Egzaminacyjnej. Dymisji \u017c\u0105daj\u0105 zar\u00f3wno pojedyncze osoby, jak i organizacje zwi\u0105zane z o\u015bwiat\u0105.<\/p>\n\n\n\n<!--more-->\n\n\n\n<p>Smolikowi zarzuca si\u0119, \u017ce fatalnie przygotowa\u0142 zmiany w formule egzaminu maturalnego, przede wszystkim z j\u0119zyka polskiego. Najpierw absurdalnie zwi\u0119kszy\u0142 wymagania, potem r\u0119ka w r\u0119k\u0119 z ministrem Czarnkiem je obni\u017ca\u0142, aby sztucznie podnie\u015b\u0107 zdawalno\u015b\u0107. Do sprawdzania tej pochrzanionej matury nie zostali przygotowani egzaminatorzy, kt\u00f3rych zatrudniano cz\u0119sto z \u0142apanki, ludzi bez odpowiedniego do\u015bwiadczenia i przygotowania. Niejasne i zmienne by\u0142y zasady oceniania. W rezultacie mieli\u015bmy rekordow\u0105 liczb\u0119 odwo\u0142a\u0144 od wynik\u00f3w.<\/p>\n\n\n\n<p>Smolik przyzna\u0142, ale dopiero po odwo\u0142aniu ministra Czarnka, \u017ce do poprawienia systemu oceniania potrzebuje 150 milion\u00f3w. Wcze\u015bniej dyrektor CKE nie wyst\u0119powa\u0142 o dodatkowe \u015brodki, w ten spos\u00f3b wspar\u0142 mimo woli polityk\u0119 \u201ewilla plus\u201d pisowskiego ministra. Skoro Smolik nie prosi\u0142 o dodatkowe pieni\u0105dze na matur\u0119, Czarnek m\u00f3g\u0142 uzna\u0107, \u017ce przeka\u017ce je na inne cele.<\/p>\n\n\n\n<p>Kilka dni temu CKE pope\u0142ni\u0142a fatalny b\u0142\u0105d w przygotowaniu egzaminu zawodowego, przez co prawie nikt go nie zaliczy\u0142. Smolik tradycyjnie zwali\u0142 win\u0119 na innych, na jaki\u015b podmiot zewn\u0119trzny. Nauczyciele m\u00f3wi\u0105 o patologii, jaka z\u017cera t\u0119 instytucj\u0119 pod rz\u0105dami Smolika. Dyrektor utraci\u0142 wiarygodno\u015b\u0107 w \u015brodowisku nauczycielskim, gdy powiedzia\u0142, \u017ce egzaminatorzy nie s\u0105 pracownikami CKE. Wi\u0119c kim oni s\u0105?<\/p>\n\n\n\n<p>Odwo\u0142ania Smolika domaga si\u0119 ceniony polonista z Sopotu, pan Pawe\u0142 \u0141\u0119cki (szczeg\u00f3\u0142y <a rel=\"noreferrer noopener\" aria-label=\"tutaj (opens in a new tab)\" href=\"https:\/\/www.portalsamorzadowy.pl\/edukacja\/znany-nauczyciel-domaga-sie-odwolania-szefa-centralnej-komisji-egzaminacyjnej,517029.html\" target=\"_blank\">tutaj<\/a>). Apel do ministry Barbary Nowackiej o odwo\u0142anie dyrektora CKE wystosowa\u0142 Protest z Wykrzyknikiem oraz NIE dla chaosu w szkole (zob. <a rel=\"noreferrer noopener\" aria-label=\"tutaj (opens in a new tab)\" href=\"https:\/\/parenting.pl\/nauczyciele-chca-odwolania-dyrektora-cke-szkodliwe-i-niemoralne\" target=\"_blank\">tutaj<\/a>). Nowacka na razie nie zaj\u0119\u0142a stanowiska. Chyba po odwo\u0142aniu wszystkich kurator\u00f3w chce z\u0142apa\u0107 oddech, mo\u017ce nawet ma do\u015b\u0107 odwo\u0142ywania. Wieczny Smolik, jak go nazywaj\u0105 nauczyciele, ma szans\u0119 przetrwa\u0107.<\/p>\n","protected":false},"excerpt":{"rendered":"<p>Coraz wi\u0119cej podmiot\u00f3w domaga si\u0119 odwo\u0142ania Marcina Smolika z funkcji dyrektora Centralnej Komisji Egzaminacyjnej. Dymisji \u017c\u0105daj\u0105 zar\u00f3wno pojedyncze osoby, jak i organizacje zwi\u0105zane z o\u015bwiat\u0105.<\/p>\n","protected":false},"author":1,"featured_media":11417,"comment_status":"open","ping_status":"closed","sticky":false,"template":"","format":"standard","meta":{"footnotes":""},"categories":[1],"tags":[],"_links":{"self":[{"href":"https:\/\/blog.polityka.pl\/chetkowski\/wp-json\/wp\/v2\/posts\/13845"}],"collection":[{"href":"https:\/\/blog.polityka.pl\/chetkowski\/wp-json\/wp\/v2\/posts"}],"about":[{"href":"https:\/\/blog.polityka.pl\/chetkowski\/wp-json\/wp\/v2\/types\/post"}],"author":[{"embeddable":true,"href":"https:\/\/blog.polityka.pl\/chetkowski\/wp-json\/wp\/v2\/users\/1"}],"replies":[{"embeddable":true,"href":"https:\/\/blog.polityka.pl\/chetkowski\/wp-json\/wp\/v2\/comments?post=13845"}],"version-history":[{"count":5,"href":"https:\/\/blog.polityka.pl\/chetkowski\/wp-json\/wp\/v2\/posts\/13845\/revisions"}],"predecessor-version":[{"id":13850,"href":"https:\/\/blog.polityka.pl\/chetkowski\/wp-json\/wp\/v2\/posts\/13845\/revisions\/13850"}],"wp:featuredmedia":[{"embeddable":true,"href":"https:\/\/blog.polityka.pl\/chetkowski\/wp-json\/wp\/v2\/media\/11417"}],"wp:attachment":[{"href":"https:\/\/blog.polityka.pl\/chetkowski\/wp-json\/wp\/v2\/media?parent=13845"}],"wp:term":[{"taxonomy":"category","embeddable":true,"href":"https:\/\/blog.polityka.pl\/chetkowski\/wp-json\/wp\/v2\/categories?post=13845"},{"taxonomy":"post_tag","embeddable":true,"href":"https:\/\/blog.polityka.pl\/chetkowski\/wp-json\/wp\/v2\/tags?post=13845"}],"curies":[{"name":"wp","href":"https:\/\/api.w.org\/{rel}","templated":true}]}}