
{"id":13852,"date":"2024-01-15T17:56:29","date_gmt":"2024-01-15T16:56:29","guid":{"rendered":"http:\/\/chetkowski.blog.polityka.pl\/?p=13852"},"modified":"2024-01-15T18:12:54","modified_gmt":"2024-01-15T17:12:54","slug":"nowacka-nie-zdejmie-krzyzy-w-szkolach","status":"publish","type":"post","link":"https:\/\/blog.polityka.pl\/chetkowski\/2024\/01\/15\/nowacka-nie-zdejmie-krzyzy-w-szkolach\/","title":{"rendered":"Nowacka nie zdejmie krzy\u017cy w szko\u0142ach"},"content":{"rendered":"\n<p>Barbara Nowacka zapewni\u0142a, \u017ce nie b\u0119dzie zdejmowa\u0107 krzy\u017cy szko\u0142ach. Zwolennicy rozdzia\u0142u pa\u0144stwa i Ko\u015bcio\u0142a b\u0119d\u0105 musieli zadowoli\u0107 si\u0119 tylko jedn\u0105 godzin\u0105 religii mniej. Przeniesienia lekcji religii ze szk\u00f3\u0142 do przyko\u015bcielnych salek katechetycznych te\u017c nie b\u0119dzie.<\/p>\n\n\n\n<!--more-->\n\n\n\n<p>Zatem niewiele si\u0119 zmieni, je\u015bli chodzi o obecno\u015b\u0107 religii w szko\u0142ach. Ministra edukacji skupia si\u0119 na odpolitycznieniu szk\u00f3\u0142, a nie na ich \u201eodreligijnieniu\u201d. Kurator ma nie wtr\u0105ca\u0107 si\u0119 ani do T\u0119czowych Pi\u0105tk\u00f3w, ani do Halloween. Uczniowie i nauczyciele maj\u0105 by\u0107 wolni od kontroli politycznej. Trzeba te\u017c odchudzi\u0107 podstawy programowe.<\/p>\n\n\n\n<p>Ciekawe, jak zareaguj\u0105 w\u0142adze o\u015bwiatowe, gdy uczniowie sami zechc\u0105 \u015bci\u0105gn\u0105\u0107 krzy\u017ce w swoich salach. W niejednej szkole krzy\u017c wisi ponad god\u0142em pa\u0144stwowym, czasem na tej samej wysoko\u015bci. To wa\u017cny znak, kto ma w plac\u00f3wce \u201erz\u0105d dusz\u201d. Je\u015bli nie b\u0119dzie zdejmowania krzy\u017cy, mo\u017cna by je chocia\u017c zawiesi\u0107 ni\u017cej.<\/p>\n\n\n\n<p>Nowacka w rozmowie z Aleksandr\u0105 Pezd\u0105 z \u201eNewsweeka\u201d m\u00f3wi, \u017ce uczniom trzeba zaoferowa\u0107 jaki\u015b rodzaj wychowania obywatelskiego. Tylko jak to zrobi\u0107, \u017ceby nie \u015bmierdzia\u0142o propagand\u0105 i manipulacj\u0105? To bardzo trudne zadanie. O wiele \u0142atwiej by\u0142oby jednak zdj\u0105\u0107 krzy\u017ce w szko\u0142ach, da\u0142oby to uczniom wychowanie obywatelskie w praktyce.<\/p>\n\n\n\n<p>Wywiad z Nowack\u0105 <a rel=\"noreferrer noopener\" aria-label=\"tutaj (opens in a new tab)\" href=\"https:\/\/www.newsweek.pl\/polska\/spoleczenstwo\/pierwszy-wywiad-ministry-nowackiej-zdradza-zmiany-dla-nauczycieli-dzieci-i-rodzicow\/p38dm2q\" target=\"_blank\">tutaj<\/a>, komentarz \u201eG\u0142osu Nauczycielskiego\u201d <a href=\"https:\/\/glos.pl\/minister-babara-nowacka-zdradza-co-zrobi-men-by-odbudowac-prestiz-zawodu-nauczyciela-a-szkola-stala-sie-bardziej-przyjaznym-miejscem\" target=\"_blank\" rel=\"noreferrer noopener\" aria-label=\"tutaj (opens in a new tab)\">tutaj<\/a>.<\/p>\n","protected":false},"excerpt":{"rendered":"<p>Barbara Nowacka zapewni\u0142a, \u017ce nie b\u0119dzie zdejmowa\u0107 krzy\u017cy szko\u0142ach. Zwolennicy rozdzia\u0142u pa\u0144stwa i Ko\u015bcio\u0142a b\u0119d\u0105 musieli zadowoli\u0107 si\u0119 tylko jedn\u0105 godzin\u0105 religii mniej. Przeniesienia lekcji religii ze szk\u00f3\u0142 do przyko\u015bcielnych salek katechetycznych te\u017c nie b\u0119dzie.<\/p>\n","protected":false},"author":1,"featured_media":13784,"comment_status":"open","ping_status":"closed","sticky":false,"template":"","format":"standard","meta":{"footnotes":""},"categories":[1],"tags":[],"_links":{"self":[{"href":"https:\/\/blog.polityka.pl\/chetkowski\/wp-json\/wp\/v2\/posts\/13852"}],"collection":[{"href":"https:\/\/blog.polityka.pl\/chetkowski\/wp-json\/wp\/v2\/posts"}],"about":[{"href":"https:\/\/blog.polityka.pl\/chetkowski\/wp-json\/wp\/v2\/types\/post"}],"author":[{"embeddable":true,"href":"https:\/\/blog.polityka.pl\/chetkowski\/wp-json\/wp\/v2\/users\/1"}],"replies":[{"embeddable":true,"href":"https:\/\/blog.polityka.pl\/chetkowski\/wp-json\/wp\/v2\/comments?post=13852"}],"version-history":[{"count":3,"href":"https:\/\/blog.polityka.pl\/chetkowski\/wp-json\/wp\/v2\/posts\/13852\/revisions"}],"predecessor-version":[{"id":13855,"href":"https:\/\/blog.polityka.pl\/chetkowski\/wp-json\/wp\/v2\/posts\/13852\/revisions\/13855"}],"wp:featuredmedia":[{"embeddable":true,"href":"https:\/\/blog.polityka.pl\/chetkowski\/wp-json\/wp\/v2\/media\/13784"}],"wp:attachment":[{"href":"https:\/\/blog.polityka.pl\/chetkowski\/wp-json\/wp\/v2\/media?parent=13852"}],"wp:term":[{"taxonomy":"category","embeddable":true,"href":"https:\/\/blog.polityka.pl\/chetkowski\/wp-json\/wp\/v2\/categories?post=13852"},{"taxonomy":"post_tag","embeddable":true,"href":"https:\/\/blog.polityka.pl\/chetkowski\/wp-json\/wp\/v2\/tags?post=13852"}],"curies":[{"name":"wp","href":"https:\/\/api.w.org\/{rel}","templated":true}]}}