
{"id":13856,"date":"2024-01-16T07:37:54","date_gmt":"2024-01-16T06:37:54","guid":{"rendered":"http:\/\/chetkowski.blog.polityka.pl\/?p=13856"},"modified":"2024-01-18T18:45:42","modified_gmt":"2024-01-18T17:45:42","slug":"egzaminy-zewnetrzne-sa-w-kompletnej-rozsypce","status":"publish","type":"post","link":"https:\/\/blog.polityka.pl\/chetkowski\/2024\/01\/16\/egzaminy-zewnetrzne-sa-w-kompletnej-rozsypce\/","title":{"rendered":"Egzaminy zewn\u0119trzne s\u0105 w kompletnej rozsypce"},"content":{"rendered":"\n<p>Dr Maciej Jakubowski, od kilku dni dyrektor Instytutu Bada\u0144 Edukacyjnych, stwierdzi\u0142, \u017ce system egzamin\u00f3w zewn\u0119trznych, czyli \u00f3smoklasisty i matury, przesta\u0142 ju\u017c cokolwiek sprawdza\u0107. System, kt\u00f3ry stworzy\u0142a Centralna Komisja Egzaminacyjna, jest w totalnej rozsypce.&nbsp;<\/p>\n\n\n\n<!--more-->\n\n\n\n<p>Dr Jakubowski powiedzia\u0142: \u201eEgzaminy zewn\u0119trzne s\u0105 w kompletnej rozsypce. Usuwa si\u0119 trudniejsze zadania, \u017ceby \u201eby\u0142o \u0142atwiej\u201d. W egzaminie \u00f3smoklasisty nie ma zada\u0144 z przyrody. Wszystko to powoduje, \u017ce egzaminy przesta\u0142y mobilizowa\u0107, przesta\u0142y s\u0142u\u017cy\u0107 monitorowaniu tego, co si\u0119 dzieje w edukacji.&nbsp;[\u2026]&nbsp;ca\u0142y system jest w rozsypce i jest dobijany zar\u00f3wno skutkami pandemii, jak i niskimi zarobkami nauczycieli.\u201d<\/p>\n\n\n\n<p>Dalej Jakubowski wyja\u015bnia, \u017ce egzaminy zewn\u0119trzne powinny mie\u0107 wysok\u0105 jako\u015b\u0107, a takiej, niestety, nie maj\u0105. \u201eDzi\u015b egzaminy s\u0105 robione amatorsko, metody tworzenia test\u00f3w pochodz\u0105 sprzed kilkudziesi\u0119ciu lat.\u201d Szkody, kt\u00f3re z\u0142y system egzaminowania powoduje, trzeba zatem szybko naprawi\u0107. Czy to oznacza, \u017ce czeka nas nowy egzamin \u00f3smoklasisty i kolejna nowa matura?<\/p>\n\n\n\n<p>O powo\u0142aniu Macieja Jakubowskiego na dyrektora IBE <a href=\"https:\/\/ibe.edu.pl\/index.php\/pl\/aktualnosci\/2232-maciej-jakubowski-dyrektorem-instytutu-badan-edukacyjnych\" target=\"_blank\" rel=\"noreferrer noopener\" aria-label=\"tutaj (opens in a new tab)\">tutaj<\/a>.<\/p>\n\n\n\n<p>Wywiad Piotra Skury z Maciejem Jakubowskim <a href=\"https:\/\/glos.pl\/dr-hab-maciej-jakubowski-dla-glosu-likwidacja-gimnazjow-przyniosla-uczniom-znaczne-straty\" target=\"_blank\" rel=\"noreferrer noopener\" aria-label=\"tutaj (opens in a new tab)\">tutaj<\/a>.<\/p>\n","protected":false},"excerpt":{"rendered":"<p>Dr Maciej Jakubowski, od kilku dni dyrektor Instytutu Bada\u0144 Edukacyjnych, stwierdzi\u0142, \u017ce system egzamin\u00f3w zewn\u0119trznych, czyli \u00f3smoklasisty i matury, przesta\u0142 ju\u017c cokolwiek sprawdza\u0107. System, kt\u00f3ry stworzy\u0142a Centralna Komisja Egzaminacyjna, jest w totalnej rozsypce.&nbsp;<\/p>\n","protected":false},"author":1,"featured_media":13866,"comment_status":"open","ping_status":"closed","sticky":false,"template":"","format":"standard","meta":{"footnotes":""},"categories":[1],"tags":[],"_links":{"self":[{"href":"https:\/\/blog.polityka.pl\/chetkowski\/wp-json\/wp\/v2\/posts\/13856"}],"collection":[{"href":"https:\/\/blog.polityka.pl\/chetkowski\/wp-json\/wp\/v2\/posts"}],"about":[{"href":"https:\/\/blog.polityka.pl\/chetkowski\/wp-json\/wp\/v2\/types\/post"}],"author":[{"embeddable":true,"href":"https:\/\/blog.polityka.pl\/chetkowski\/wp-json\/wp\/v2\/users\/1"}],"replies":[{"embeddable":true,"href":"https:\/\/blog.polityka.pl\/chetkowski\/wp-json\/wp\/v2\/comments?post=13856"}],"version-history":[{"count":2,"href":"https:\/\/blog.polityka.pl\/chetkowski\/wp-json\/wp\/v2\/posts\/13856\/revisions"}],"predecessor-version":[{"id":13867,"href":"https:\/\/blog.polityka.pl\/chetkowski\/wp-json\/wp\/v2\/posts\/13856\/revisions\/13867"}],"wp:featuredmedia":[{"embeddable":true,"href":"https:\/\/blog.polityka.pl\/chetkowski\/wp-json\/wp\/v2\/media\/13866"}],"wp:attachment":[{"href":"https:\/\/blog.polityka.pl\/chetkowski\/wp-json\/wp\/v2\/media?parent=13856"}],"wp:term":[{"taxonomy":"category","embeddable":true,"href":"https:\/\/blog.polityka.pl\/chetkowski\/wp-json\/wp\/v2\/categories?post=13856"},{"taxonomy":"post_tag","embeddable":true,"href":"https:\/\/blog.polityka.pl\/chetkowski\/wp-json\/wp\/v2\/tags?post=13856"}],"curies":[{"name":"wp","href":"https:\/\/api.w.org\/{rel}","templated":true}]}}