
{"id":13858,"date":"2024-01-18T13:18:07","date_gmt":"2024-01-18T12:18:07","guid":{"rendered":"http:\/\/chetkowski.blog.polityka.pl\/?p=13858"},"modified":"2024-01-18T19:05:44","modified_gmt":"2024-01-18T18:05:44","slug":"co-kuratorzy-oswiaty-zrobia-z-donosami","status":"publish","type":"post","link":"https:\/\/blog.polityka.pl\/chetkowski\/2024\/01\/18\/co-kuratorzy-oswiaty-zrobia-z-donosami\/","title":{"rendered":"Co kuratorzy o\u015bwiaty zrobi\u0105 z donosami?"},"content":{"rendered":"\n<p>Podczas rz\u0105d\u00f3w PiS rodzice przyzwyczaili si\u0119, \u017ce w razie problem\u00f3w z nauczycielem nale\u017cy z\u0142o\u017cy\u0107 donos do kuratorium o\u015bwiaty, kt\u00f3rego urz\u0119dnicy tylko na to czekaj\u0105, aby skontrolowa\u0107 szko\u0142\u0119. Ju\u017c samo postraszenie donosem dzia\u0142a\u0142o na nauczycieli i dyrekcj\u0119 dyscyplinuj\u0105co.<\/p>\n\n\n\n<!--more-->\n\n\n\n<p>Informacja, \u017ce dzwoni\u0105 z kuratorium, wp\u0119dza\u0142a dyrekcj\u0119 w wielki stres. Wielu dyrektor\u00f3w nie wytrzyma\u0142o tego stresu i zako\u0144czy\u0142o prac\u0119 w szkole. Niejeden fachowiec od zarz\u0105dzania nie chcia\u0142 podchodzi\u0107 do konkursu na dyrektorski fotel w\u0142a\u015bnie z obawy przed donosami i kontrolami.<\/p>\n\n\n\n<p>Trudno b\u0119dzie odzwyczai\u0107 rodzic\u00f3w od rozwi\u0105zywania problem\u00f3w donosami. Ludzie lubi\u0105 ten styl dzia\u0142ania, bo jest najszybszy i najskuteczniejszy. Nie\u0142atwo przekona\u0107, aby porozmawiali z nauczycielem. Nawi\u0105zali kontakt z wychowawc\u0105, potem z pedagogiem lub psychologiem, nast\u0119pnie z dyrektorem. A dopiero je\u015bli to nic nie da, wybrali si\u0119 na rozmow\u0119 do kuratorium. Jeden z rodzic\u00f3w powiedzia\u0142, \u017ce nie b\u0119dzie przechodzi\u0142 tej procedury, bo i tak sprawa sko\u0144czy si\u0119 w kuratorium. P\u00f3jdzie wi\u0119c tam od razu.<\/p>\n\n\n\n<p>Donoszono na mnie wiele razy. Na ko\u0144cu, gdy ju\u017c sprawdzono wszystkie papiery i udowodniono mn\u00f3stwo drobnych uchybie\u0144, dyrektor informowa\u0142, \u017ce mam stawa\u0107 na g\u0142owie, aby nie by\u0142o donos\u00f3w, bo szko\u0142a nie mo\u017ce normalnie pracowa\u0107.<\/p>\n\n\n\n<p>Ciekawe, jak\u0105 polityk\u0119 w sprawie donos\u00f3w b\u0119d\u0105 prowadzili nowi kuratorzy o\u015bwiaty. Tak\u0105 sam\u0105 czy jednak inn\u0105?<\/p>\n","protected":false},"excerpt":{"rendered":"<p>Podczas rz\u0105d\u00f3w PiS rodzice przyzwyczaili si\u0119, \u017ce w razie problem\u00f3w z nauczycielem nale\u017cy z\u0142o\u017cy\u0107 donos do kuratorium o\u015bwiaty, kt\u00f3rego urz\u0119dnicy tylko na to czekaj\u0105, aby skontrolowa\u0107 szko\u0142\u0119. Ju\u017c samo postraszenie donosem dzia\u0142a\u0142o na nauczycieli i dyrekcj\u0119 dyscyplinuj\u0105co.<\/p>\n","protected":false},"author":1,"featured_media":13869,"comment_status":"open","ping_status":"closed","sticky":false,"template":"","format":"standard","meta":{"footnotes":""},"categories":[1],"tags":[],"_links":{"self":[{"href":"https:\/\/blog.polityka.pl\/chetkowski\/wp-json\/wp\/v2\/posts\/13858"}],"collection":[{"href":"https:\/\/blog.polityka.pl\/chetkowski\/wp-json\/wp\/v2\/posts"}],"about":[{"href":"https:\/\/blog.polityka.pl\/chetkowski\/wp-json\/wp\/v2\/types\/post"}],"author":[{"embeddable":true,"href":"https:\/\/blog.polityka.pl\/chetkowski\/wp-json\/wp\/v2\/users\/1"}],"replies":[{"embeddable":true,"href":"https:\/\/blog.polityka.pl\/chetkowski\/wp-json\/wp\/v2\/comments?post=13858"}],"version-history":[{"count":6,"href":"https:\/\/blog.polityka.pl\/chetkowski\/wp-json\/wp\/v2\/posts\/13858\/revisions"}],"predecessor-version":[{"id":13864,"href":"https:\/\/blog.polityka.pl\/chetkowski\/wp-json\/wp\/v2\/posts\/13858\/revisions\/13864"}],"wp:featuredmedia":[{"embeddable":true,"href":"https:\/\/blog.polityka.pl\/chetkowski\/wp-json\/wp\/v2\/media\/13869"}],"wp:attachment":[{"href":"https:\/\/blog.polityka.pl\/chetkowski\/wp-json\/wp\/v2\/media?parent=13858"}],"wp:term":[{"taxonomy":"category","embeddable":true,"href":"https:\/\/blog.polityka.pl\/chetkowski\/wp-json\/wp\/v2\/categories?post=13858"},{"taxonomy":"post_tag","embeddable":true,"href":"https:\/\/blog.polityka.pl\/chetkowski\/wp-json\/wp\/v2\/tags?post=13858"}],"curies":[{"name":"wp","href":"https:\/\/api.w.org\/{rel}","templated":true}]}}