
{"id":13874,"date":"2024-01-28T10:28:27","date_gmt":"2024-01-28T09:28:27","guid":{"rendered":"http:\/\/chetkowski.blog.polityka.pl\/?p=13874"},"modified":"2024-01-28T10:28:27","modified_gmt":"2024-01-28T09:28:27","slug":"lodzka-rada-uczniow-bedzie-miala-wplyw-na-edukacje-w-miescie","status":"publish","type":"post","link":"https:\/\/blog.polityka.pl\/chetkowski\/2024\/01\/28\/lodzka-rada-uczniow-bedzie-miala-wplyw-na-edukacje-w-miescie\/","title":{"rendered":"\u0141\u00f3dzka Rada Uczni\u00f3w b\u0119dzie mia\u0142a wp\u0142yw na edukacj\u0119 w mie\u015bcie"},"content":{"rendered":"\n<p>W \u0141odzi powsta\u0142 organ, kt\u00f3ry b\u0119dzie mia\u0142 wp\u0142yw na edukacj\u0119 w mie\u015bcie. Hanna Zdanowska powo\u0142a\u0142a 99-osobow\u0105 rad\u0119 uczni\u00f3w. M\u0142odzie\u017c b\u0119dzie \u2013 jak powiedzia\u0142a prezydent \u0141odzi \u2013 wsp\u00f3\u0142decydowa\u0107 o tym, co si\u0119 dzieje w szko\u0142ach.<\/p>\n\n\n\n<!--more-->\n\n\n\n<p>Je\u015bli m\u0142odzie\u017c podejdzie powa\u017cnie do swojego zadania, a Zdanowska dotrzyma s\u0142owa, mo\u017cemy mie\u0107 niebawem rewolucj\u0119 w \u0142\u00f3dzkich szko\u0142ach. Likwidacja prac domowych to tylko przedsmak zmian, jakie szykuj\u0105 uczniowie.<\/p>\n\n\n\n<p>O\u015bwiata zmieni si\u0119 i to b\u0119dzie zas\u0142uga uczni\u00f3w. Niebawem m\u0142odzie\u017c mo\u017ce wzi\u0105\u0107 sprawy szkolne w swoje r\u0119ce i wywr\u00f3ci\u0107 system do g\u00f3ry nogami. Jak na to powinni zareagowa\u0107 nauczyciele? Trzeba si\u0119 cieszy\u0107 i wspiera\u0107. Belferski sprzeciw by\u0142by strza\u0142em w kolano, lepiej wi\u0119c tego nie robi\u0107. Szczeg\u00f3\u0142y <a rel=\"noreferrer noopener\" aria-label=\"tutaj (opens in a new tab)\" href=\"https:\/\/lodz.pl\/artykul\/w-lodzi-zostala-powolana-lodzka-rada-uczniow-mlodziacy-mlodzi-biora-sprawy-w-swoje-rece-60195\/\" target=\"_blank\">tutaj<\/a>.<\/p>\n","protected":false},"excerpt":{"rendered":"<p>W \u0141odzi powsta\u0142 organ, kt\u00f3ry b\u0119dzie mia\u0142 wp\u0142yw na edukacj\u0119 w mie\u015bcie. Hanna Zdanowska powo\u0142a\u0142a 99-osobow\u0105 rad\u0119 uczni\u00f3w. M\u0142odzie\u017c b\u0119dzie \u2013 jak powiedzia\u0142a prezydent \u0141odzi \u2013 wsp\u00f3\u0142decydowa\u0107 o tym, co si\u0119 dzieje w szko\u0142ach.<\/p>\n","protected":false},"author":1,"featured_media":0,"comment_status":"open","ping_status":"closed","sticky":false,"template":"","format":"standard","meta":{"footnotes":""},"categories":[1],"tags":[],"_links":{"self":[{"href":"https:\/\/blog.polityka.pl\/chetkowski\/wp-json\/wp\/v2\/posts\/13874"}],"collection":[{"href":"https:\/\/blog.polityka.pl\/chetkowski\/wp-json\/wp\/v2\/posts"}],"about":[{"href":"https:\/\/blog.polityka.pl\/chetkowski\/wp-json\/wp\/v2\/types\/post"}],"author":[{"embeddable":true,"href":"https:\/\/blog.polityka.pl\/chetkowski\/wp-json\/wp\/v2\/users\/1"}],"replies":[{"embeddable":true,"href":"https:\/\/blog.polityka.pl\/chetkowski\/wp-json\/wp\/v2\/comments?post=13874"}],"version-history":[{"count":3,"href":"https:\/\/blog.polityka.pl\/chetkowski\/wp-json\/wp\/v2\/posts\/13874\/revisions"}],"predecessor-version":[{"id":13877,"href":"https:\/\/blog.polityka.pl\/chetkowski\/wp-json\/wp\/v2\/posts\/13874\/revisions\/13877"}],"wp:attachment":[{"href":"https:\/\/blog.polityka.pl\/chetkowski\/wp-json\/wp\/v2\/media?parent=13874"}],"wp:term":[{"taxonomy":"category","embeddable":true,"href":"https:\/\/blog.polityka.pl\/chetkowski\/wp-json\/wp\/v2\/categories?post=13874"},{"taxonomy":"post_tag","embeddable":true,"href":"https:\/\/blog.polityka.pl\/chetkowski\/wp-json\/wp\/v2\/tags?post=13874"}],"curies":[{"name":"wp","href":"https:\/\/api.w.org\/{rel}","templated":true}]}}