
{"id":13878,"date":"2024-01-29T11:33:56","date_gmt":"2024-01-29T10:33:56","guid":{"rendered":"http:\/\/chetkowski.blog.polityka.pl\/?p=13878"},"modified":"2024-01-29T19:27:45","modified_gmt":"2024-01-29T18:27:45","slug":"caly-pokoj-nauczycielski-kaszle","status":"publish","type":"post","link":"https:\/\/blog.polityka.pl\/chetkowski\/2024\/01\/29\/caly-pokoj-nauczycielski-kaszle\/","title":{"rendered":"Pok\u00f3j nauczycielski kaszle"},"content":{"rendered":"\n<p>Okaza\u0142em si\u0119 z\u0142ym nauczycielem, gdy\u017c chorowa\u0142em przed feriami i z tego powodu by\u0142em jaki\u015b czas na zwolnieniu lekarskim. Jednak wielu koleg\u00f3w i kole\u017canek zacisn\u0119\u0142o z\u0119by i dotrwa\u0142o w pracy do ostatniego dnia zaj\u0119\u0107. Od dzisiaj w \u0141odzi s\u0105 ferie, mo\u017cna wi\u0119c chorowa\u0107.<\/p>\n\n\n\n<!--more-->\n\n\n\n<p>W pi\u0105tek przed feriami mia\u0142o si\u0119 wra\u017cenie, \u017ce kaszle ca\u0142y pok\u00f3j nauczycielski. Prawie nie wida\u0107 by\u0142o zdrowych (pewnie gdzie\u015b si\u0119 ukryli). Na szcz\u0119\u015bcie nikogo nauczyciele nie zara\u017cali, gdy\u017c uczniowie nie przyszli do szko\u0142y.&nbsp;<\/p>\n\n\n\n<p>Maturzy\u015bci dostali wolne z powodu studni\u00f3wki, a m\u0142odsi sami sobie dali dzie\u0144 wolny. Dla uczni\u00f3w ferie zacz\u0119\u0142y si\u0119 wi\u0119c wcze\u015bniej. Jedna klasa stawi\u0142a si\u0119 prawie w komplecie, ale natychmiast wysz\u0142a ze szko\u0142y na zaj\u0119cia w terenie. Dobry pomys\u0142.<\/p>\n\n\n\n<p>Czy dwa tygodnie wystarcz\u0105, \u017ceby si\u0119 wychorowa\u0107? Normalnie pewnie tak, ale jak kto\u015b d\u0142ugo chodzi\u0142 chory do pracy, to m\u00f3g\u0142 doprowadzi\u0107 si\u0119 do takiego stanu, \u017ce teraz potrzebuje znacznie wi\u0119cej na wyzdrowienie. Obawiam si\u0119, \u017ce po feriach cz\u0119\u015b\u0107 nauczycieli wr\u00f3ci chora. Jak nas zobacz\u0105 uczniowie, znowu dadz\u0105 nog\u0119 do domu.<\/p>\n","protected":false},"excerpt":{"rendered":"<p>Okaza\u0142em si\u0119 z\u0142ym nauczycielem, gdy\u017c chorowa\u0142em przed feriami i z tego powodu by\u0142em jaki\u015b czas na zwolnieniu lekarskim. Jednak wielu koleg\u00f3w i kole\u017canek zacisn\u0119\u0142o z\u0119by i dotrwa\u0142o w pracy do ostatniego dnia zaj\u0119\u0107. Od dzisiaj w \u0141odzi s\u0105 ferie, mo\u017cna wi\u0119c chorowa\u0107.<\/p>\n","protected":false},"author":1,"featured_media":12765,"comment_status":"open","ping_status":"closed","sticky":false,"template":"","format":"standard","meta":{"footnotes":""},"categories":[1],"tags":[],"_links":{"self":[{"href":"https:\/\/blog.polityka.pl\/chetkowski\/wp-json\/wp\/v2\/posts\/13878"}],"collection":[{"href":"https:\/\/blog.polityka.pl\/chetkowski\/wp-json\/wp\/v2\/posts"}],"about":[{"href":"https:\/\/blog.polityka.pl\/chetkowski\/wp-json\/wp\/v2\/types\/post"}],"author":[{"embeddable":true,"href":"https:\/\/blog.polityka.pl\/chetkowski\/wp-json\/wp\/v2\/users\/1"}],"replies":[{"embeddable":true,"href":"https:\/\/blog.polityka.pl\/chetkowski\/wp-json\/wp\/v2\/comments?post=13878"}],"version-history":[{"count":4,"href":"https:\/\/blog.polityka.pl\/chetkowski\/wp-json\/wp\/v2\/posts\/13878\/revisions"}],"predecessor-version":[{"id":13883,"href":"https:\/\/blog.polityka.pl\/chetkowski\/wp-json\/wp\/v2\/posts\/13878\/revisions\/13883"}],"wp:featuredmedia":[{"embeddable":true,"href":"https:\/\/blog.polityka.pl\/chetkowski\/wp-json\/wp\/v2\/media\/12765"}],"wp:attachment":[{"href":"https:\/\/blog.polityka.pl\/chetkowski\/wp-json\/wp\/v2\/media?parent=13878"}],"wp:term":[{"taxonomy":"category","embeddable":true,"href":"https:\/\/blog.polityka.pl\/chetkowski\/wp-json\/wp\/v2\/categories?post=13878"},{"taxonomy":"post_tag","embeddable":true,"href":"https:\/\/blog.polityka.pl\/chetkowski\/wp-json\/wp\/v2\/tags?post=13878"}],"curies":[{"name":"wp","href":"https:\/\/api.w.org\/{rel}","templated":true}]}}