
{"id":13889,"date":"2024-01-31T07:21:56","date_gmt":"2024-01-31T06:21:56","guid":{"rendered":"http:\/\/chetkowski.blog.polityka.pl\/?p=13889"},"modified":"2024-01-30T18:23:57","modified_gmt":"2024-01-30T17:23:57","slug":"zwiazkowcy-apeluja-do-prezydenta-aby-podpisal-ustawe-budzetowa","status":"publish","type":"post","link":"https:\/\/blog.polityka.pl\/chetkowski\/2024\/01\/31\/zwiazkowcy-apeluja-do-prezydenta-aby-podpisal-ustawe-budzetowa\/","title":{"rendered":"Zwi\u0105zkowcy apeluj\u0105 do prezydenta, aby podpisa\u0142 ustaw\u0119 bud\u017cetow\u0105"},"content":{"rendered":"\n<p>Pracownicy bud\u017cet\u00f3wki z niepokojem patrz\u0105 na Pa\u0142ac Prezydencki. Podpisze Andrzej Duda bud\u017cet czy b\u0119dzie dalej kombinowa\u0142, jak zaszkodzi\u0107 rz\u0105dowi? OPZZ apeluje do prezydenta, aby nie prowadzi\u0142 politycznej gry, tylko kierowa\u0142 si\u0119 dobrem ludzi. A ludzie czekaj\u0105 na podwy\u017cki.<\/p>\n\n\n\n<!--more-->\n\n\n\n<p>Barbara Nowacka powiedzia\u0142a, \u017ce 30\/33-procentowe podwy\u017cki dla nauczycieli to dopiero pierwszy krok. \u201eTo nie jest nasze ostatnie s\u0142owo, to jest na sam pocz\u0105tek\u201d \u2013 zapewni\u0142a ministra edukacji. Dalsze podwy\u017cki mog\u0105 jednak nie by\u0107 dla wszystkich. \u201eJa wiem, \u017ce niekt\u00f3rzy nauczyciele powinni zarabia\u0107 jeszcze wi\u0119cej.\u201d&nbsp;S\u0142owa Nowackiej mog\u0105 by\u0107 zapowiedzi\u0105 powa\u017cnej zmiany w zasadach wynagradzania nauczycieli.<\/p>\n\n\n\n<p>Na razie jednak czekamy na podpis prezydenta, kt\u00f3rego brak wstrzymuje wyp\u0142at\u0119 podwy\u017cek. Na papierze ju\u017c s\u0105, ale na konta mog\u0105 wp\u0142yn\u0105\u0107 bardzo p\u00f3\u017ano. Stawiam, \u017ce zobaczymy je dopiero na Wielkanoc. I to tylko wtedy, je\u015bli Duda pos\u0142ucha apelu zwi\u0105zkowc\u00f3w.<\/p>\n\n\n\n<p>Apel OPZZ do Andrzeja Dudy <a href=\"https:\/\/glos.pl\/opzz-apeluje-do-prezydenta-o-podpisanie-ustawy-budzetowej-podwyzki-dla-nauczycieli-i-sfery-budzetowej-sa-niezbedne\" target=\"_blank\" rel=\"noreferrer noopener\" aria-label=\"tutaj (opens in a new tab)\">tutaj<\/a>.<\/p>\n\n\n\n<p>Wypowied\u017a Barbary Nowackiej na temat kolejnych podwy\u017cek <a href=\"https:\/\/glos.pl\/minister-nowacka-w-szkolach-brakuje-ok-15-tys-nauczycieli-w-sprawie-podwyzek-to-nie-jest-nasze-ostatnie-slowo\" target=\"_blank\" rel=\"noreferrer noopener\" aria-label=\"tutaj (opens in a new tab)\">tutaj<\/a>.<\/p>\n","protected":false},"excerpt":{"rendered":"<p>Pracownicy bud\u017cet\u00f3wki z niepokojem patrz\u0105 na Pa\u0142ac Prezydencki. Podpisze Andrzej Duda bud\u017cet czy b\u0119dzie dalej kombinowa\u0142, jak zaszkodzi\u0107 rz\u0105dowi? OPZZ apeluje do prezydenta, aby nie prowadzi\u0142 politycznej gry, tylko kierowa\u0142 si\u0119 dobrem ludzi. A ludzie czekaj\u0105 na podwy\u017cki.<\/p>\n","protected":false},"author":1,"featured_media":0,"comment_status":"open","ping_status":"closed","sticky":false,"template":"","format":"standard","meta":{"footnotes":""},"categories":[1],"tags":[],"_links":{"self":[{"href":"https:\/\/blog.polityka.pl\/chetkowski\/wp-json\/wp\/v2\/posts\/13889"}],"collection":[{"href":"https:\/\/blog.polityka.pl\/chetkowski\/wp-json\/wp\/v2\/posts"}],"about":[{"href":"https:\/\/blog.polityka.pl\/chetkowski\/wp-json\/wp\/v2\/types\/post"}],"author":[{"embeddable":true,"href":"https:\/\/blog.polityka.pl\/chetkowski\/wp-json\/wp\/v2\/users\/1"}],"replies":[{"embeddable":true,"href":"https:\/\/blog.polityka.pl\/chetkowski\/wp-json\/wp\/v2\/comments?post=13889"}],"version-history":[{"count":2,"href":"https:\/\/blog.polityka.pl\/chetkowski\/wp-json\/wp\/v2\/posts\/13889\/revisions"}],"predecessor-version":[{"id":13891,"href":"https:\/\/blog.polityka.pl\/chetkowski\/wp-json\/wp\/v2\/posts\/13889\/revisions\/13891"}],"wp:attachment":[{"href":"https:\/\/blog.polityka.pl\/chetkowski\/wp-json\/wp\/v2\/media?parent=13889"}],"wp:term":[{"taxonomy":"category","embeddable":true,"href":"https:\/\/blog.polityka.pl\/chetkowski\/wp-json\/wp\/v2\/categories?post=13889"},{"taxonomy":"post_tag","embeddable":true,"href":"https:\/\/blog.polityka.pl\/chetkowski\/wp-json\/wp\/v2\/tags?post=13889"}],"curies":[{"name":"wp","href":"https:\/\/api.w.org\/{rel}","templated":true}]}}