
{"id":13896,"date":"2024-02-04T13:35:15","date_gmt":"2024-02-04T12:35:15","guid":{"rendered":"http:\/\/chetkowski.blog.polityka.pl\/?p=13896"},"modified":"2024-02-04T15:00:27","modified_gmt":"2024-02-04T14:00:27","slug":"czy-nalezy-utrzymywac-szkoly-w-ktorych-jest-za-malo-uczniow","status":"publish","type":"post","link":"https:\/\/blog.polityka.pl\/chetkowski\/2024\/02\/04\/czy-nalezy-utrzymywac-szkoly-w-ktorych-jest-za-malo-uczniow\/","title":{"rendered":"Czy nale\u017cy utrzymywa\u0107 szko\u0142y, w kt\u00f3rych jest za ma\u0142o uczni\u00f3w?"},"content":{"rendered":"\n<p>Katarzyna Lubnauer zapewni\u0142a, \u017ce odpowiedzi\u0105 na problemy wiejskich szk\u00f3\u0142 nie b\u0119dzie ich likwidacja. Szko\u0142y te maj\u0105 coraz mniej uczni\u00f3w, st\u0105d pokusa, aby je zlikwidowa\u0107.<\/p>\n\n\n\n<!--more-->\n\n\n\n<p>Podczas rozmowy kierownictwa MEN ze Zwi\u0105zkiem Gmin Wiejskich nie ustalono niczego konkretnego, jedynie wskazano g\u0142\u00f3wne problemy (szczeg\u00f3\u0142y <a href=\"https:\/\/www.gov.pl\/web\/edukacja\/w-men-o-sytuacji-wiejskich-szkol-rozmowy-ze-zwiazkiem-gmin-wiejskich-rp\" target=\"_blank\" rel=\"noreferrer noopener\" aria-label=\"tutaj (opens in a new tab)\">tutaj<\/a>). Przede wszystkim potrzeba wi\u0119cej pieni\u0119dzy na utrzymanie szk\u00f3\u0142, w kt\u00f3rych jest bardzo ma\u0142o uczni\u00f3w. Plac\u00f3wki te nie tylko zajmuj\u0105 si\u0119 kszta\u0142ceniem i wychowywaniem dzieci, integruj\u0105 te\u017c spo\u0142eczno\u015b\u0107 wiejsk\u0105, cz\u0119sto pe\u0142ni\u0105 rol\u0119 dom\u00f3w kultury dla wszystkich mieszka\u0144c\u00f3w, nie tylko dzieci.<\/p>\n\n\n\n<p>Problemy nasili\u0142y si\u0119 po likwidacji gimnazj\u00f3w. Wiejskie plac\u00f3wki cz\u0119sto by\u0142y zespo\u0142ami szk\u00f3\u0142: podstaw\u00f3wka plus gimnazjum. Nauczyciele pracowali i tu, i tu. Nauka w nich trwa\u0142a w sumie 9 lat (6+3). Po pisowskiej reformie zosta\u0142y tylko podstaw\u00f3wki, wi\u0119c nauka w nich trwa rok kr\u00f3cej. Do liceum, technikum czy szko\u0142y bran\u017cowej dzieci ju\u017c je\u017cd\u017c\u0105 do miast.<\/p>\n\n\n\n<p>Przybywa szk\u00f3\u0142, kt\u00f3re z powodu braku uczni\u00f3w w zasadzie nale\u017ca\u0142oby zlikwidowa\u0107. Chyba \u017ce uznamy, i\u017c warto do nich dok\u0142ada\u0107, gdy\u017c likwidacja przyniesie wi\u0119cej szk\u00f3d spo\u0142ecznych ni\u017c ewentualnego zysku. Trzeba m\u0105drze policzy\u0107 zyski i straty.<\/p>\n","protected":false},"excerpt":{"rendered":"<p>Katarzyna Lubnauer zapewni\u0142a, \u017ce odpowiedzi\u0105 na problemy wiejskich szk\u00f3\u0142 nie b\u0119dzie ich likwidacja. Szko\u0142y te maj\u0105 coraz mniej uczni\u00f3w, st\u0105d pokusa, aby je zlikwidowa\u0107.<\/p>\n","protected":false},"author":1,"featured_media":13514,"comment_status":"open","ping_status":"closed","sticky":false,"template":"","format":"standard","meta":{"footnotes":""},"categories":[1],"tags":[],"_links":{"self":[{"href":"https:\/\/blog.polityka.pl\/chetkowski\/wp-json\/wp\/v2\/posts\/13896"}],"collection":[{"href":"https:\/\/blog.polityka.pl\/chetkowski\/wp-json\/wp\/v2\/posts"}],"about":[{"href":"https:\/\/blog.polityka.pl\/chetkowski\/wp-json\/wp\/v2\/types\/post"}],"author":[{"embeddable":true,"href":"https:\/\/blog.polityka.pl\/chetkowski\/wp-json\/wp\/v2\/users\/1"}],"replies":[{"embeddable":true,"href":"https:\/\/blog.polityka.pl\/chetkowski\/wp-json\/wp\/v2\/comments?post=13896"}],"version-history":[{"count":2,"href":"https:\/\/blog.polityka.pl\/chetkowski\/wp-json\/wp\/v2\/posts\/13896\/revisions"}],"predecessor-version":[{"id":13898,"href":"https:\/\/blog.polityka.pl\/chetkowski\/wp-json\/wp\/v2\/posts\/13896\/revisions\/13898"}],"wp:featuredmedia":[{"embeddable":true,"href":"https:\/\/blog.polityka.pl\/chetkowski\/wp-json\/wp\/v2\/media\/13514"}],"wp:attachment":[{"href":"https:\/\/blog.polityka.pl\/chetkowski\/wp-json\/wp\/v2\/media?parent=13896"}],"wp:term":[{"taxonomy":"category","embeddable":true,"href":"https:\/\/blog.polityka.pl\/chetkowski\/wp-json\/wp\/v2\/categories?post=13896"},{"taxonomy":"post_tag","embeddable":true,"href":"https:\/\/blog.polityka.pl\/chetkowski\/wp-json\/wp\/v2\/tags?post=13896"}],"curies":[{"name":"wp","href":"https:\/\/api.w.org\/{rel}","templated":true}]}}