
{"id":13899,"date":"2024-02-05T12:34:14","date_gmt":"2024-02-05T11:34:14","guid":{"rendered":"http:\/\/chetkowski.blog.polityka.pl\/?p=13899"},"modified":"2024-02-05T12:34:14","modified_gmt":"2024-02-05T11:34:14","slug":"trzynastki-powinny-zostac-wyplacone-wczesniej","status":"publish","type":"post","link":"https:\/\/blog.polityka.pl\/chetkowski\/2024\/02\/05\/trzynastki-powinny-zostac-wyplacone-wczesniej\/","title":{"rendered":"Trzynastki powinny zosta\u0107 wyp\u0142acone wcze\u015bniej"},"content":{"rendered":"\n<p>Nie da si\u0119 przyspieszy\u0107 wyp\u0142aty obiecanych podwy\u017cek. B\u0119d\u0105 zapewne dopiero tu\u017c przed Wielkanoc\u0105. Mo\u017cna by jednak nie zwleka\u0107 z wyp\u0142at\u0105 trzynastki. Bardzo pomog\u0142oby to pracownikom bud\u017cet\u00f3wki.<\/p>\n\n\n\n<!--more-->\n\n\n\n<p>Trzynastki otrzymuje si\u0119 do ko\u0144ca marca. By\u0142oby jednak lepiej wyp\u0142aci\u0107 je ju\u017c w lutym. Dzi\u0119ki temu nie zbiegn\u0105 si\u0119 z wyp\u0142at\u0105 wyr\u00f3wnania podwy\u017cszonej pensji. Marzec zapowiada si\u0119 t\u0142usty (wy\u017csza pensja o 30 proc. plus wyr\u00f3wnania od 1 stycznia), za to luty jest bardzo chudy. Niekt\u00f3rzy nauczyciele nawet si\u0119 zapo\u017cyczyli, aby wyjecha\u0107 z dzie\u0107mi na ferie. Do tego walentynki przed nami.<\/p>\n\n\n\n<p>Ludzie czekaj\u0105 nie tylko na podwy\u017cki, ale te\u017c na trzynastki. W sprawie wyp\u0142aty trzynastek nie mo\u017cna zwala\u0107 winy na prezydenta. Andrzej Duda nie musi niczego podpisywa\u0107. Wystarczy dobra wola w\u0142adz w regionie i podpis odpowiedzialnego urz\u0119dnika.<\/p>\n","protected":false},"excerpt":{"rendered":"<p>Nie da si\u0119 przyspieszy\u0107 wyp\u0142aty obiecanych podwy\u017cek. B\u0119d\u0105 zapewne dopiero tu\u017c przed Wielkanoc\u0105. Mo\u017cna by jednak nie zwleka\u0107 z wyp\u0142at\u0105 trzynastki. Bardzo pomog\u0142oby to pracownikom bud\u017cet\u00f3wki.<\/p>\n","protected":false},"author":1,"featured_media":0,"comment_status":"open","ping_status":"closed","sticky":false,"template":"","format":"standard","meta":{"footnotes":""},"categories":[1],"tags":[],"_links":{"self":[{"href":"https:\/\/blog.polityka.pl\/chetkowski\/wp-json\/wp\/v2\/posts\/13899"}],"collection":[{"href":"https:\/\/blog.polityka.pl\/chetkowski\/wp-json\/wp\/v2\/posts"}],"about":[{"href":"https:\/\/blog.polityka.pl\/chetkowski\/wp-json\/wp\/v2\/types\/post"}],"author":[{"embeddable":true,"href":"https:\/\/blog.polityka.pl\/chetkowski\/wp-json\/wp\/v2\/users\/1"}],"replies":[{"embeddable":true,"href":"https:\/\/blog.polityka.pl\/chetkowski\/wp-json\/wp\/v2\/comments?post=13899"}],"version-history":[{"count":1,"href":"https:\/\/blog.polityka.pl\/chetkowski\/wp-json\/wp\/v2\/posts\/13899\/revisions"}],"predecessor-version":[{"id":13900,"href":"https:\/\/blog.polityka.pl\/chetkowski\/wp-json\/wp\/v2\/posts\/13899\/revisions\/13900"}],"wp:attachment":[{"href":"https:\/\/blog.polityka.pl\/chetkowski\/wp-json\/wp\/v2\/media?parent=13899"}],"wp:term":[{"taxonomy":"category","embeddable":true,"href":"https:\/\/blog.polityka.pl\/chetkowski\/wp-json\/wp\/v2\/categories?post=13899"},{"taxonomy":"post_tag","embeddable":true,"href":"https:\/\/blog.polityka.pl\/chetkowski\/wp-json\/wp\/v2\/tags?post=13899"}],"curies":[{"name":"wp","href":"https:\/\/api.w.org\/{rel}","templated":true}]}}