
{"id":13902,"date":"2024-02-06T12:06:41","date_gmt":"2024-02-06T11:06:41","guid":{"rendered":"http:\/\/chetkowski.blog.polityka.pl\/?p=13902"},"modified":"2024-02-06T13:59:02","modified_gmt":"2024-02-06T12:59:02","slug":"podwyzki-moga-byc-dopiero-w-kwietniu","status":"publish","type":"post","link":"https:\/\/blog.polityka.pl\/chetkowski\/2024\/02\/06\/podwyzki-moga-byc-dopiero-w-kwietniu\/","title":{"rendered":"Podwy\u017cki mog\u0105 by\u0107 dopiero w kwietniu"},"content":{"rendered":"\n<p>Barbara Nowacka przesun\u0119\u0142a termin wyp\u0142aty podwy\u017cek dla nauczycieli na kwiecie\u0144. Nie jest to jeszcze pewne. Ministra uj\u0119\u0142a to tak: \u201eMo\u017ce si\u0119 tak zdarzy\u0107, \u017ce to b\u0119dzie dopiero od kwietnia, nad czym bardzo ubolewamy\u201d.<\/p>\n\n\n\n<!--more-->\n\n\n\n<p>Nie zmienia si\u0119 termin, od kiedy obowi\u0105zuje wy\u017csze wynagrodzenie. To wci\u0105\u017c 1 stycznia 2024. Zatem w kwietniu nauczyciele mog\u0105 otrzyma\u0107 wyr\u00f3wnanie a\u017c za cztery miesi\u0105ce, czyli de facto dwie pensje (kwietniow\u0105 plus wyr\u00f3wnanie 4&#215;30%).<\/p>\n\n\n\n<p>Trzeba si\u0119 wi\u0119c uzbroi\u0107 w cierpliwo\u015b\u0107 i spr\u00f3bowa\u0107 przetrwa\u0107 kilkumiesi\u0119czny czas oczekiwania na podwy\u017cki. Nie b\u0119dzie \u0142atwo, gdy\u017c chude by\u0142y nie tylko ferie, ale prawdopodobnie takie b\u0119d\u0105 te\u017c \u015bwi\u0119ta wielkanocne. Dopiero maj\u00f3wka mo\u017ce by\u0107 \u201ena bogato\u201d, o ile nic si\u0119 nie zdarzy po drodze.<\/p>\n\n\n\n<p>Informacja o przesuni\u0119ciu wyp\u0142aty podwy\u017cek na kwiecie\u0144 na stronie TVN24 \u2013 zobacz <a href=\"https:\/\/tvn24.pl\/polska\/podwyzki-dla-nauczycieli-kiedy-barbara-nowacka-o-mozliwym-opoznieniu-7752516\" target=\"_blank\" rel=\"noreferrer noopener\" aria-label=\"tutaj (opens in a new tab)\">tutaj<\/a>.<\/p>\n","protected":false},"excerpt":{"rendered":"<p>Barbara Nowacka przesun\u0119\u0142a termin wyp\u0142aty podwy\u017cek dla nauczycieli na kwiecie\u0144. Nie jest to jeszcze pewne. Ministra uj\u0119\u0142a to tak: \u201eMo\u017ce si\u0119 tak zdarzy\u0107, \u017ce to b\u0119dzie dopiero od kwietnia, nad czym bardzo ubolewamy\u201d.<\/p>\n","protected":false},"author":1,"featured_media":12976,"comment_status":"open","ping_status":"closed","sticky":false,"template":"","format":"standard","meta":{"footnotes":""},"categories":[1],"tags":[],"_links":{"self":[{"href":"https:\/\/blog.polityka.pl\/chetkowski\/wp-json\/wp\/v2\/posts\/13902"}],"collection":[{"href":"https:\/\/blog.polityka.pl\/chetkowski\/wp-json\/wp\/v2\/posts"}],"about":[{"href":"https:\/\/blog.polityka.pl\/chetkowski\/wp-json\/wp\/v2\/types\/post"}],"author":[{"embeddable":true,"href":"https:\/\/blog.polityka.pl\/chetkowski\/wp-json\/wp\/v2\/users\/1"}],"replies":[{"embeddable":true,"href":"https:\/\/blog.polityka.pl\/chetkowski\/wp-json\/wp\/v2\/comments?post=13902"}],"version-history":[{"count":2,"href":"https:\/\/blog.polityka.pl\/chetkowski\/wp-json\/wp\/v2\/posts\/13902\/revisions"}],"predecessor-version":[{"id":13904,"href":"https:\/\/blog.polityka.pl\/chetkowski\/wp-json\/wp\/v2\/posts\/13902\/revisions\/13904"}],"wp:featuredmedia":[{"embeddable":true,"href":"https:\/\/blog.polityka.pl\/chetkowski\/wp-json\/wp\/v2\/media\/12976"}],"wp:attachment":[{"href":"https:\/\/blog.polityka.pl\/chetkowski\/wp-json\/wp\/v2\/media?parent=13902"}],"wp:term":[{"taxonomy":"category","embeddable":true,"href":"https:\/\/blog.polityka.pl\/chetkowski\/wp-json\/wp\/v2\/categories?post=13902"},{"taxonomy":"post_tag","embeddable":true,"href":"https:\/\/blog.polityka.pl\/chetkowski\/wp-json\/wp\/v2\/tags?post=13902"}],"curies":[{"name":"wp","href":"https:\/\/api.w.org\/{rel}","templated":true}]}}