
{"id":13906,"date":"2024-02-07T13:14:56","date_gmt":"2024-02-07T12:14:56","guid":{"rendered":"http:\/\/chetkowski.blog.polityka.pl\/?p=13906"},"modified":"2024-02-08T10:52:26","modified_gmt":"2024-02-08T09:52:26","slug":"jak-sie-tanczy-poloneza-w-szkolach-przyjaznych-lgbtq","status":"publish","type":"post","link":"https:\/\/blog.polityka.pl\/chetkowski\/2024\/02\/07\/jak-sie-tanczy-poloneza-w-szkolach-przyjaznych-lgbtq\/","title":{"rendered":"Jak si\u0119 ta\u0144czy poloneza w szko\u0142ach przyjaznych LGBTQ+"},"content":{"rendered":"\n<p>W moim liceum na studni\u00f3wce dziewczyny od kilkunastu lat ju\u017c ta\u0144cz\u0105 poloneza razem (jako para), ale ch\u0142opcy jeszcze nie. Chyba nie maj\u0105 odwagi pokaza\u0107 ca\u0142ej spo\u0142eczno\u015bci, \u017ce s\u0105 par\u0105. Dziewczyny przesta\u0142y si\u0119 kr\u0119powa\u0107.<\/p>\n\n\n\n<!--more-->\n\n\n\n<p>Pami\u0119tam sensacj\u0119, jak\u0105 wywo\u0142a\u0142a pierwsza uczennica, gdy zapowiedzia\u0142a, \u017ce nie b\u0119dzie ta\u0144czy\u0107 z ch\u0142opcem, lecz ze swoj\u0105 partnerk\u0105. Nauczycielka odruchowo zaprotestowa\u0142a, powo\u0142uj\u0105c si\u0119 na tradycj\u0119 liceum. Staropolski zwyczaj nakazuje, aby pary by\u0142y mieszane. Czy w &#8222;Panu Tadeuszu&#8221; Zosia ta\u0144czy\u0142a z Telimen\u0105? Uczennica niby przytakn\u0119\u0142a, ale podczas studni\u00f3wki zata\u0144czy\u0142a ze swoj\u0105 partnerk\u0105. W kolejnych latach ju\u017c by\u0142o z g\u00f3rki. W tym roku mieli\u015bmy z dziesi\u0119\u0107 takich par.<\/p>\n\n\n\n<p>Nadal jednak ch\u0142opcy nie ta\u0144cz\u0105 razem. Obecnie, szczeg\u00f3lnie po zmianie w\u0142adzy, \u017caden nauczyciel nie o\u015bmieli\u0142by si\u0119 zaprotestowa\u0107. Trudno mi powiedzie\u0107, jak zachowaliby si\u0119 uczniowie i uczennice. Wydaje mi si\u0119, \u017ce zaakceptowaliby t\u0119 sytuacj\u0119, jednak pewno\u015bci nie mam. Przecie\u017c ch\u0142opcy, kt\u00f3rzy poza szko\u0142\u0105 s\u0105 par\u0105, z jakiego\u015b powodu nie ta\u0144cz\u0105 razem na studni\u00f3wce. Czego si\u0119 boj\u0105?<\/p>\n\n\n\n<p>Ciekawe, czy te kwestie brane s\u0105 pod uwag\u0119 podczas oceniania, czy szko\u0142a jest przyjazna LGBTQ+. Je\u015bli tak, moje liceum musi jeszcze par\u0119 rzeczy poprawi\u0107, aby my\u015ble\u0107 o wysokim miejscu w tym rankingu.<\/p>\n\n\n\n<p>Info o czwartej edycji Rankingu Szk\u00f3\u0142 Przyjaznych LGBTQ+ <a href=\"http:\/\/obserwatoriumedukacji.pl\/czwarta-edycja-rankingu-szkol-przyjaznych-lgbtq-pod-haslem-szkola-zaufania\/\" target=\"_blank\" rel=\"noreferrer noopener\" aria-label=\"tutaj (opens in a new tab)\">tutaj<\/a>.<\/p>\n","protected":false},"excerpt":{"rendered":"<p>W moim liceum na studni\u00f3wce dziewczyny od kilkunastu lat ju\u017c ta\u0144cz\u0105 poloneza razem (jako para), ale ch\u0142opcy jeszcze nie. Chyba nie maj\u0105 odwagi pokaza\u0107 ca\u0142ej spo\u0142eczno\u015bci, \u017ce s\u0105 par\u0105. Dziewczyny przesta\u0142y si\u0119 kr\u0119powa\u0107.<\/p>\n","protected":false},"author":1,"featured_media":11537,"comment_status":"open","ping_status":"closed","sticky":false,"template":"","format":"standard","meta":{"footnotes":""},"categories":[1],"tags":[],"_links":{"self":[{"href":"https:\/\/blog.polityka.pl\/chetkowski\/wp-json\/wp\/v2\/posts\/13906"}],"collection":[{"href":"https:\/\/blog.polityka.pl\/chetkowski\/wp-json\/wp\/v2\/posts"}],"about":[{"href":"https:\/\/blog.polityka.pl\/chetkowski\/wp-json\/wp\/v2\/types\/post"}],"author":[{"embeddable":true,"href":"https:\/\/blog.polityka.pl\/chetkowski\/wp-json\/wp\/v2\/users\/1"}],"replies":[{"embeddable":true,"href":"https:\/\/blog.polityka.pl\/chetkowski\/wp-json\/wp\/v2\/comments?post=13906"}],"version-history":[{"count":5,"href":"https:\/\/blog.polityka.pl\/chetkowski\/wp-json\/wp\/v2\/posts\/13906\/revisions"}],"predecessor-version":[{"id":13911,"href":"https:\/\/blog.polityka.pl\/chetkowski\/wp-json\/wp\/v2\/posts\/13906\/revisions\/13911"}],"wp:featuredmedia":[{"embeddable":true,"href":"https:\/\/blog.polityka.pl\/chetkowski\/wp-json\/wp\/v2\/media\/11537"}],"wp:attachment":[{"href":"https:\/\/blog.polityka.pl\/chetkowski\/wp-json\/wp\/v2\/media?parent=13906"}],"wp:term":[{"taxonomy":"category","embeddable":true,"href":"https:\/\/blog.polityka.pl\/chetkowski\/wp-json\/wp\/v2\/categories?post=13906"},{"taxonomy":"post_tag","embeddable":true,"href":"https:\/\/blog.polityka.pl\/chetkowski\/wp-json\/wp\/v2\/tags?post=13906"}],"curies":[{"name":"wp","href":"https:\/\/api.w.org\/{rel}","templated":true}]}}