
{"id":13912,"date":"2024-02-08T13:31:45","date_gmt":"2024-02-08T12:31:45","guid":{"rendered":"http:\/\/chetkowski.blog.polityka.pl\/?p=13912"},"modified":"2024-02-08T13:50:00","modified_gmt":"2024-02-08T12:50:00","slug":"tlusty-czwartek-okazal-sie-bardzo-chudy-minister-cyfryzacji-zawiesza-program-laptop-dla-ucznia","status":"publish","type":"post","link":"https:\/\/blog.polityka.pl\/chetkowski\/2024\/02\/08\/tlusty-czwartek-okazal-sie-bardzo-chudy-minister-cyfryzacji-zawiesza-program-laptop-dla-ucznia\/","title":{"rendered":"T\u0142usty czwartek okaza\u0142 si\u0119 bardzo chudy: minister cyfryzacji zawiesza program \u201eLaptop dla ucznia\u201d"},"content":{"rendered":"\n<p>Kolejna grupa czwartoklasist\u00f3w nie otrzyma ju\u017c laptop\u00f3w. Sugerowa\u0142a tak\u0105 mo\u017cliwo\u015b\u0107 kilka dni temu Barbara Nowacka, jednak da\u0142a te\u017c nadziej\u0119, i\u017c rz\u0105d pracuje nad lepsz\u0105 wersj\u0105 programu \u201eLaptop dla ucznia\u201d. Dzisiaj dowiedzieli\u015bmy si\u0119, \u017ce program zosta\u0142 zawieszony.&nbsp;<\/p>\n\n\n\n<!--more-->\n\n\n\n<p>Rodzice maj\u0105 mniej ni\u017c p\u00f3\u0142 roku, aby zaoszcz\u0119dzi\u0107 pieni\u0105dze i z w\u0142asnej kieszeni kupi\u0107 dziecku komputer. Wprawdzie minister cyfryzacji Krzysztof Gawkowski, odpowiedzialny za realizacj\u0119 programu, zapowiedzia\u0142 \u201eco\u015b w zamian\u201d, jednak konkret\u00f3w nie przestawi\u0142, jedynie now\u0105 nazw\u0119 &#8222;Cyfrowy ucze\u0144&#8221;. Ma wej\u015b\u0107 w \u017cycie dopiero w 2025. Wygl\u0105da to bardzo \u017ale (wypowiedzi Gawkowskiego i Nowackiej <a rel=\"noreferrer noopener\" aria-label=\"tutaj (opens in a new tab)\" href=\"https:\/\/tvn24.pl\/biznes\/z-kraju\/laptopy-dla-czwartoklasistow-wicepremier-krzysztof-gawkowski-o-przetargu-minister-cyfryzacji-zapowiada-doniesienie-do-prokuratury-st7763106\" target=\"_blank\">tutaj<\/a>).<\/p>\n\n\n\n<p>Program \u201eLaptop dla ucznia\u201d pad\u0142 wi\u0119c ju\u017c po pierwszej edycji. By\u0142 ewidentnie wydarzeniem stworzonym przez PiS na potrzeby kampanii wyborczej. Gdy sko\u0144czy\u0142a si\u0119 kampania, wysz\u0142y na jaw powa\u017cne problemy i programu nie da\u0142o si\u0119 kontynuowa\u0107 (szerzej pisz\u0119 o tym <a rel=\"noreferrer noopener\" aria-label=\"tutaj (opens in a new tab)\" href=\"https:\/\/www.polityka.pl\/tygodnikpolityka\/spoleczenstwo\/2244519,1,co-dalej-z-laptopem-dla-ucznia-dzieci-beda-czuly-sie-oszukane-bunt-wisi-w-powietrzu.read\" target=\"_blank\">tutaj<\/a>). Szkoda jednak dzieci, kt\u00f3re spodziewa\u0142y si\u0119, \u017ce we wrze\u015bniu w szkole dostan\u0105 laptopy na w\u0142asno\u015b\u0107. Teraz maj\u0105 prawo ba\u0107 si\u0119, \u017ce nie dostan\u0105 nic.<\/p>\n\n\n\n<p>Rz\u0105d powinien wzi\u0105\u0107 pod uwag\u0119, \u017ce zawieszaj\u0105c realizacj\u0119 programu \u201eLaptop dla ucznia\u201d, stwarza ofiary swojej polityki. Mo\u017cna by zlekcewa\u017cy\u0107 ten fakt, w ko\u0144cu zawsze s\u0105 jacy\u015b poszkodowani. Jednak tu chodzi o dzieci, a dzieci nie wolno krzywdzi\u0107. Dlatego trzeba jak najszybciej wymy\u015bli\u0107 co\u015b w zamian. Okr\u0105g\u0142e s\u0142owa ministra, \u017ce uczniowie i uczennice nie strac\u0105, to za ma\u0142o. Prosimy o konkrety i to szybko.<\/p>\n","protected":false},"excerpt":{"rendered":"<p>Kolejna grupa czwartoklasist\u00f3w nie otrzyma ju\u017c laptop\u00f3w. Sugerowa\u0142a tak\u0105 mo\u017cliwo\u015b\u0107 kilka dni temu Barbara Nowacka, jednak da\u0142a te\u017c nadziej\u0119, i\u017c rz\u0105d pracuje nad lepsz\u0105 wersj\u0105 programu \u201eLaptop dla ucznia\u201d. Dzisiaj dowiedzieli\u015bmy si\u0119, \u017ce program zosta\u0142 zawieszony.&nbsp;<\/p>\n","protected":false},"author":1,"featured_media":0,"comment_status":"open","ping_status":"closed","sticky":false,"template":"","format":"standard","meta":{"footnotes":""},"categories":[1],"tags":[],"_links":{"self":[{"href":"https:\/\/blog.polityka.pl\/chetkowski\/wp-json\/wp\/v2\/posts\/13912"}],"collection":[{"href":"https:\/\/blog.polityka.pl\/chetkowski\/wp-json\/wp\/v2\/posts"}],"about":[{"href":"https:\/\/blog.polityka.pl\/chetkowski\/wp-json\/wp\/v2\/types\/post"}],"author":[{"embeddable":true,"href":"https:\/\/blog.polityka.pl\/chetkowski\/wp-json\/wp\/v2\/users\/1"}],"replies":[{"embeddable":true,"href":"https:\/\/blog.polityka.pl\/chetkowski\/wp-json\/wp\/v2\/comments?post=13912"}],"version-history":[{"count":6,"href":"https:\/\/blog.polityka.pl\/chetkowski\/wp-json\/wp\/v2\/posts\/13912\/revisions"}],"predecessor-version":[{"id":13918,"href":"https:\/\/blog.polityka.pl\/chetkowski\/wp-json\/wp\/v2\/posts\/13912\/revisions\/13918"}],"wp:attachment":[{"href":"https:\/\/blog.polityka.pl\/chetkowski\/wp-json\/wp\/v2\/media?parent=13912"}],"wp:term":[{"taxonomy":"category","embeddable":true,"href":"https:\/\/blog.polityka.pl\/chetkowski\/wp-json\/wp\/v2\/categories?post=13912"},{"taxonomy":"post_tag","embeddable":true,"href":"https:\/\/blog.polityka.pl\/chetkowski\/wp-json\/wp\/v2\/tags?post=13912"}],"curies":[{"name":"wp","href":"https:\/\/api.w.org\/{rel}","templated":true}]}}