
{"id":13919,"date":"2024-02-10T07:49:14","date_gmt":"2024-02-10T06:49:14","guid":{"rendered":"http:\/\/chetkowski.blog.polityka.pl\/?p=13919"},"modified":"2024-02-10T14:20:06","modified_gmt":"2024-02-10T13:20:06","slug":"ocena-z-religii-nie-bedzie-sie-liczyla-do-sredniej","status":"publish","type":"post","link":"https:\/\/blog.polityka.pl\/chetkowski\/2024\/02\/10\/ocena-z-religii-nie-bedzie-sie-liczyla-do-sredniej\/","title":{"rendered":"Ocena z religii nie b\u0119dzie si\u0119 liczy\u0142a do \u015bredniej"},"content":{"rendered":"\n<p>Znika jeden z ostatnich powod\u00f3w, aby chodzi\u0107 na religi\u0119: ocena liczona do \u015bredniej. Niebawem MEN wyda decyzj\u0119, \u017ce oceny z przedmiot\u00f3w nieobowi\u0105zkowych \u2013 religii i etyki \u2013 nie maj\u0105 wp\u0142ywu na tzw. \u015bredni\u0105, od wysoko\u015bci kt\u00f3rej zale\u017cy prawo do otrzymania promocji z wyr\u00f3\u017cnieniem.<\/p>\n\n\n\n<!--more-->\n\n\n\n<p>W\u0142a\u015bnie dla \u015bwiadectwa z bia\u0142o-czerwonym paskiem, dowodu otrzymania promocji z wyr\u00f3\u017cnieniem, cz\u0119\u015b\u0107 dzieci decydowa\u0142a si\u0119 chodzi\u0107 na religi\u0119. Z tego przedmiotu zwykle otrzymuje si\u0119 sz\u00f3stk\u0119, co podnosi \u015bredni\u0105.<\/p>\n\n\n\n<p>\u015awiadectwo z wyr\u00f3\u017cnieniem jest szczeg\u00f3lnie wa\u017cne podczas rekrutacji do szko\u0142y ponadpodstawowej. Za tzw. \u201epasek\u201d absolwent podstaw\u00f3wki otrzymuje a\u017c 7 punkt\u00f3w. Zatem na religi\u0119 naprawd\u0119 op\u0142aca si\u0119 chodzi\u0107. Nied\u0142ugo ta op\u0142acalno\u015b\u0107 zniknie.&nbsp;<\/p>\n\n\n\n<p>Ministra edukacji ma og\u0142osi\u0107 decyzj\u0119 w tym roku, mo\u017ce nawet w kwietniu. Jednak prawo nie dzia\u0142a wstecz, zatem tegoroczni absolwenci jeszcze powinni mie\u0107 \u015bredni\u0105 liczon\u0105 na podstawie starych zasad (chocia\u017c kto wie), czyli \u0142\u0105cznie z ocen\u0105 z religii (lub etyki). By\u0142oby to jednak ostatni raz.<\/p>\n","protected":false},"excerpt":{"rendered":"<p>Znika jeden z ostatnich powod\u00f3w, aby chodzi\u0107 na religi\u0119: ocena liczona do \u015bredniej. Niebawem MEN wyda decyzj\u0119, \u017ce oceny z przedmiot\u00f3w nieobowi\u0105zkowych \u2013 religii i etyki \u2013 nie maj\u0105 wp\u0142ywu na tzw. \u015bredni\u0105, od wysoko\u015bci kt\u00f3rej zale\u017cy prawo do otrzymania promocji z wyr\u00f3\u017cnieniem.<\/p>\n","protected":false},"author":1,"featured_media":12937,"comment_status":"open","ping_status":"closed","sticky":false,"template":"","format":"standard","meta":{"footnotes":""},"categories":[1],"tags":[],"_links":{"self":[{"href":"https:\/\/blog.polityka.pl\/chetkowski\/wp-json\/wp\/v2\/posts\/13919"}],"collection":[{"href":"https:\/\/blog.polityka.pl\/chetkowski\/wp-json\/wp\/v2\/posts"}],"about":[{"href":"https:\/\/blog.polityka.pl\/chetkowski\/wp-json\/wp\/v2\/types\/post"}],"author":[{"embeddable":true,"href":"https:\/\/blog.polityka.pl\/chetkowski\/wp-json\/wp\/v2\/users\/1"}],"replies":[{"embeddable":true,"href":"https:\/\/blog.polityka.pl\/chetkowski\/wp-json\/wp\/v2\/comments?post=13919"}],"version-history":[{"count":4,"href":"https:\/\/blog.polityka.pl\/chetkowski\/wp-json\/wp\/v2\/posts\/13919\/revisions"}],"predecessor-version":[{"id":13923,"href":"https:\/\/blog.polityka.pl\/chetkowski\/wp-json\/wp\/v2\/posts\/13919\/revisions\/13923"}],"wp:featuredmedia":[{"embeddable":true,"href":"https:\/\/blog.polityka.pl\/chetkowski\/wp-json\/wp\/v2\/media\/12937"}],"wp:attachment":[{"href":"https:\/\/blog.polityka.pl\/chetkowski\/wp-json\/wp\/v2\/media?parent=13919"}],"wp:term":[{"taxonomy":"category","embeddable":true,"href":"https:\/\/blog.polityka.pl\/chetkowski\/wp-json\/wp\/v2\/categories?post=13919"},{"taxonomy":"post_tag","embeddable":true,"href":"https:\/\/blog.polityka.pl\/chetkowski\/wp-json\/wp\/v2\/tags?post=13919"}],"curies":[{"name":"wp","href":"https:\/\/api.w.org\/{rel}","templated":true}]}}