
{"id":13924,"date":"2024-02-12T18:16:50","date_gmt":"2024-02-12T17:16:50","guid":{"rendered":"http:\/\/chetkowski.blog.polityka.pl\/?p=13924"},"modified":"2024-02-12T20:04:51","modified_gmt":"2024-02-12T19:04:51","slug":"homilia-wylatuje-z-podstawy-programowej","status":"publish","type":"post","link":"https:\/\/blog.polityka.pl\/chetkowski\/2024\/02\/12\/homilia-wylatuje-z-podstawy-programowej\/","title":{"rendered":"Homilia wylatuje z podstawy programowej"},"content":{"rendered":"\n<p>Ruszy\u0142y prekonsultacje w sprawie okrojenia podstaw programowych wielu przedmiot\u00f3w. Eksperci chc\u0105, aby z j\u0119zyka polskiego wylecia\u0142a homilia. Strac\u0105 uczniowie, kt\u00f3rzy planuj\u0105 studia w seminarium duchownym. P\u00f3jd\u0105 tam nieprzygotowani.<\/p>\n\n\n\n<!--more-->\n\n\n\n<p>W cz\u0119\u015bci \u201eKszta\u0142cenie literackie i kulturowe\u201d podstawy programowej czytamy, \u017ce od ucznia technikum i liceum wymaga si\u0119, aby zna\u0142 si\u0119 na homiliach. Potrafi\u0142 odr\u00f3\u017cni\u0107 arcydzie\u0142o od kiczu. Umia\u0142 oceni\u0107 tekst pod wzgl\u0119dem etycznym. Co to jest homilia zob. <a href=\"https:\/\/pl.wikipedia.org\/wiki\/Homilia\" target=\"_blank\" rel=\"noreferrer noopener\" aria-label=\"tutaj (opens in a new tab)\">tutaj<\/a>.<\/p>\n\n\n\n<p>Tego jako polonista musia\u0142em uczy\u0107, mimo \u017ce nie bardzo si\u0119 na tym zna\u0142em. Nawet po g\u0142owie chodzi\u0142o mi, aby zapisa\u0107 si\u0119 na studia podyplomowe z teologii. Bez przygotowania teologicznego czu\u0142em si\u0119 na lekcjach swojego przedmiotu jak bez r\u0119ki. Uzupe\u0142nia\u0142em wiedz\u0119 w ramach samokszta\u0142cenia, czasem prosi\u0142em ksi\u0119\u017cy o pomoc.&nbsp;<\/p>\n\n\n\n<p>Jednak to wszystko tylko p\u00f3\u0142\u015brodki. Gdyby Czarnek dalej by\u0142 ministrem edukacji, nauczyciel j\u0119zyka polskiego musia\u0142by by\u0107 magistrem teologii. Z polskiego wystarczy\u0142by mu licencjat.<\/p>\n\n\n\n<p>PS Okrojone podstawy zaczn\u0105 obowi\u0105zywa\u0107 od 1 wrze\u015bnia 2024. W tym roku szkolnym trzeba wi\u0119c o homilii uczy\u0107. Info o prekonsultacjach <a href=\"https:\/\/www.gov.pl\/web\/edukacja\/zmiana-podstawy-programowej--zaczynamy-prekonsultacje\" target=\"_blank\" rel=\"noreferrer noopener\" aria-label=\"tutaj (opens in a new tab)\">tutaj<\/a>.<\/p>\n","protected":false},"excerpt":{"rendered":"<p>Ruszy\u0142y prekonsultacje w sprawie okrojenia podstaw programowych wielu przedmiot\u00f3w. Eksperci chc\u0105, aby z j\u0119zyka polskiego wylecia\u0142a homilia. Strac\u0105 uczniowie, kt\u00f3rzy planuj\u0105 studia w seminarium duchownym. P\u00f3jd\u0105 tam nieprzygotowani.<\/p>\n","protected":false},"author":1,"featured_media":11632,"comment_status":"open","ping_status":"closed","sticky":false,"template":"","format":"standard","meta":{"footnotes":""},"categories":[1],"tags":[],"_links":{"self":[{"href":"https:\/\/blog.polityka.pl\/chetkowski\/wp-json\/wp\/v2\/posts\/13924"}],"collection":[{"href":"https:\/\/blog.polityka.pl\/chetkowski\/wp-json\/wp\/v2\/posts"}],"about":[{"href":"https:\/\/blog.polityka.pl\/chetkowski\/wp-json\/wp\/v2\/types\/post"}],"author":[{"embeddable":true,"href":"https:\/\/blog.polityka.pl\/chetkowski\/wp-json\/wp\/v2\/users\/1"}],"replies":[{"embeddable":true,"href":"https:\/\/blog.polityka.pl\/chetkowski\/wp-json\/wp\/v2\/comments?post=13924"}],"version-history":[{"count":2,"href":"https:\/\/blog.polityka.pl\/chetkowski\/wp-json\/wp\/v2\/posts\/13924\/revisions"}],"predecessor-version":[{"id":13926,"href":"https:\/\/blog.polityka.pl\/chetkowski\/wp-json\/wp\/v2\/posts\/13924\/revisions\/13926"}],"wp:featuredmedia":[{"embeddable":true,"href":"https:\/\/blog.polityka.pl\/chetkowski\/wp-json\/wp\/v2\/media\/11632"}],"wp:attachment":[{"href":"https:\/\/blog.polityka.pl\/chetkowski\/wp-json\/wp\/v2\/media?parent=13924"}],"wp:term":[{"taxonomy":"category","embeddable":true,"href":"https:\/\/blog.polityka.pl\/chetkowski\/wp-json\/wp\/v2\/categories?post=13924"},{"taxonomy":"post_tag","embeddable":true,"href":"https:\/\/blog.polityka.pl\/chetkowski\/wp-json\/wp\/v2\/tags?post=13924"}],"curies":[{"name":"wp","href":"https:\/\/api.w.org\/{rel}","templated":true}]}}