
{"id":13929,"date":"2024-02-15T18:46:51","date_gmt":"2024-02-15T17:46:51","guid":{"rendered":"http:\/\/chetkowski.blog.polityka.pl\/?p=13929"},"modified":"2024-02-15T20:02:45","modified_gmt":"2024-02-15T19:02:45","slug":"episkopat-walczy-o-oceny-z-religii-i-nie-zamierza-odpuscic","status":"publish","type":"post","link":"https:\/\/blog.polityka.pl\/chetkowski\/2024\/02\/15\/episkopat-walczy-o-oceny-z-religii-i-nie-zamierza-odpuscic\/","title":{"rendered":"Episkopat walczy o oceny z religii i nie zamierza odpu\u015bci\u0107"},"content":{"rendered":"\n<p>Episkopat oskar\u017cy\u0142 ministerstwo edukacji o dyskryminowanie dzieci, kt\u00f3re w\u0142o\u017cy\u0142y wiele wysi\u0142ku w zdobycie ocen z religii, a teraz maj\u0105 nie mie\u0107 z tego \u017cadnej korzy\u015bci. Barbara Nowacka planuje bowiem wyda\u0107 rozporz\u0105dzenie zabraniaj\u0105ce wliczania ocen z religii i etyki \u2013 przedmiot\u00f3w nieobowi\u0105zkowych \u2013 do \u015bredniej.<\/p>\n\n\n\n<!--more-->\n\n\n\n<p>Od wysoko\u015bci \u015bredniej zale\u017cy rodzaj promocji: mo\u017ce by\u0107 z wyr\u00f3\u017cnieniem (\u015bwiadectwo z bia\u0142o-czerwonym paskiem), albo bez.&nbsp;Konsultor Komisji Wychowania Katolickiego Konferencji Episkopatu Polski ks. prof. Piotr Tomasik&nbsp;uzna\u0142 zamiary rz\u0105du za lekcewa\u017cenie wysi\u0142ku dzieci, kt\u00f3re chodz\u0105 na religi\u0119 (szczeg\u00f3\u0142y <a href=\"https:\/\/wiadomosci.onet.pl\/kraj\/episkopat-reaguje-na-plany-rzadu-to-jest-dyskryminacja\/1b3ctgn\" target=\"_blank\" rel=\"noreferrer noopener\" aria-label=\"tutaj (opens in a new tab)\">tutaj<\/a>).<\/p>\n\n\n\n<p>Wliczanie albo niewliczanie oceny z religii do \u015bredniej to nie jest drobnostka. Ko\u015bci\u00f3\u0142 dobrze wie, \u017ce gdy Nowacka wyda rozporz\u0105dzenie, spadnie zainteresowanie, ju\u017c teraz niewielkie, lekcjami religii. Po co chodzi\u0107 na katechez\u0119, gdy oceny z tego przedmiotu si\u0119 nie licz\u0105? Dlatego ks. Prof. Tomasik uderza z grubej rury w rz\u0105d i m\u00f3wi o dyskryminacji. Ko\u015bci\u00f3\u0142 nie zamierza odpu\u015bci\u0107, oceny z religii musz\u0105 mie\u0107 znaczenie.<\/p>\n\n\n\n<p>Dla hierarch\u00f3w ko\u015bcielnych to nowa sytuacja. Za poprzedniej w\u0142adzy niewiele brakowa\u0142o, a religia sta\u0142aby si\u0119 przedmiotem zdawanym na maturze. Czarnek ju\u017c robi\u0142 przymiarki do wprowadzenia egzaminu maturalnego z katechezy. Nie zd\u0105\u017cy\u0142. Teraz nie tylko nie b\u0119dzie \u017cadnych egzamin\u00f3w z tego przedmiotu, ale zostanie on niebawem os\u0142abiony przez zakaz wliczania oceny z religii do \u015bredniej.&nbsp;<\/p>\n\n\n\n<p>Episkopat jest \u015bwiadomy, \u017ce to nie koniec cios\u00f3w w katechez\u0119. W dalszych planach jest zmniejszenie godzin religii o po\u0142ow\u0119 (z dw\u00f3ch tygodniowo do jednej), a mo\u017ce nawet zmiana zasad op\u0142acania katechet\u00f3w.<\/p>\n","protected":false},"excerpt":{"rendered":"<p>Episkopat oskar\u017cy\u0142 ministerstwo edukacji o dyskryminowanie dzieci, kt\u00f3re w\u0142o\u017cy\u0142y wiele wysi\u0142ku w zdobycie ocen z religii, a teraz maj\u0105 nie mie\u0107 z tego \u017cadnej korzy\u015bci. Barbara Nowacka planuje bowiem wyda\u0107 rozporz\u0105dzenie zabraniaj\u0105ce wliczania ocen z religii i etyki \u2013 przedmiot\u00f3w nieobowi\u0105zkowych \u2013 do \u015bredniej.<\/p>\n","protected":false},"author":1,"featured_media":13931,"comment_status":"open","ping_status":"closed","sticky":false,"template":"","format":"standard","meta":{"footnotes":""},"categories":[1],"tags":[],"_links":{"self":[{"href":"https:\/\/blog.polityka.pl\/chetkowski\/wp-json\/wp\/v2\/posts\/13929"}],"collection":[{"href":"https:\/\/blog.polityka.pl\/chetkowski\/wp-json\/wp\/v2\/posts"}],"about":[{"href":"https:\/\/blog.polityka.pl\/chetkowski\/wp-json\/wp\/v2\/types\/post"}],"author":[{"embeddable":true,"href":"https:\/\/blog.polityka.pl\/chetkowski\/wp-json\/wp\/v2\/users\/1"}],"replies":[{"embeddable":true,"href":"https:\/\/blog.polityka.pl\/chetkowski\/wp-json\/wp\/v2\/comments?post=13929"}],"version-history":[{"count":2,"href":"https:\/\/blog.polityka.pl\/chetkowski\/wp-json\/wp\/v2\/posts\/13929\/revisions"}],"predecessor-version":[{"id":13932,"href":"https:\/\/blog.polityka.pl\/chetkowski\/wp-json\/wp\/v2\/posts\/13929\/revisions\/13932"}],"wp:featuredmedia":[{"embeddable":true,"href":"https:\/\/blog.polityka.pl\/chetkowski\/wp-json\/wp\/v2\/media\/13931"}],"wp:attachment":[{"href":"https:\/\/blog.polityka.pl\/chetkowski\/wp-json\/wp\/v2\/media?parent=13929"}],"wp:term":[{"taxonomy":"category","embeddable":true,"href":"https:\/\/blog.polityka.pl\/chetkowski\/wp-json\/wp\/v2\/categories?post=13929"},{"taxonomy":"post_tag","embeddable":true,"href":"https:\/\/blog.polityka.pl\/chetkowski\/wp-json\/wp\/v2\/tags?post=13929"}],"curies":[{"name":"wp","href":"https:\/\/api.w.org\/{rel}","templated":true}]}}