
{"id":13936,"date":"2024-02-19T19:08:55","date_gmt":"2024-02-19T18:08:55","guid":{"rendered":"http:\/\/chetkowski.blog.polityka.pl\/?p=13936"},"modified":"2024-02-19T22:42:57","modified_gmt":"2024-02-19T21:42:57","slug":"psycholog-szkolny-powinien-byc-niezalezny-od-dyrekcji","status":"publish","type":"post","link":"https:\/\/blog.polityka.pl\/chetkowski\/2024\/02\/19\/psycholog-szkolny-powinien-byc-niezalezny-od-dyrekcji\/","title":{"rendered":"Psycholog szkolny powinien by\u0107 niezale\u017cny od dyrekcji"},"content":{"rendered":"\n<p>M\u0142odzie\u017c zwraca uwag\u0119, \u017ce psycholog szkolny nie powinien by\u0107 zale\u017cny s\u0142u\u017cbowo od dyrekcji. \u0179r\u00f3d\u0142em wielu problem\u00f3w \u2013 zdaniem uczni\u00f3w i uczennic &#8211; jest zachowanie nauczycieli, w tym tak\u017ce dyrekcji.<\/p>\n\n\n\n<!--more-->\n\n\n\n<p>W problemy psychiczne wp\u0119dza dzieci niew\u0142a\u015bciwe prawo szkolne. Ono r\u00f3wnie\u017c jest tworzone przez pracownik\u00f3w szko\u0142y oraz kadr\u0119 zarz\u0105dzaj\u0105c\u0105. Je\u017celi psycholog ma pom\u00f3c dzieciom, musi mie\u0107 odwag\u0119 zwr\u00f3ci\u0107 uwag\u0119 sprawcom tych frustracji. Nie zrobi tego skutecznie, je\u015bli b\u0119dzie zale\u017cny s\u0142u\u017cbowo od dyrekcji.<\/p>\n\n\n\n<p>Uczniowie chc\u0105 mie\u0107 w szkole ludzi, kt\u00f3rym mogliby zaufa\u0107 i na kt\u00f3rych prawdziw\u0105 pomoc mogliby liczy\u0107. Niestety, na razie takich ludzi nie maj\u0105. Ani pedagog, ani psycholog nie s\u0105 niezale\u017cnymi pracownikami. Cz\u0119sto brakuje im odwagi, aby przywo\u0142a\u0107 nauczycieli oraz dyrekcj\u0119 do porz\u0105dku. Wys\u0142ucha\u0107 uczni\u00f3w mog\u0105, pociesz\u0105, ale przecie\u017c nie postawi\u0105 si\u0119 osobie, kt\u00f3ra ich zatrudnia, przyznaje dodatek motywacyjny oraz decyduje o nagrodach.<\/p>\n\n\n\n<p>Wi\u0119cej o oczekiwaniach m\u0142odzie\u017cy w zakresie zdrowia psychicznego mo\u017cna przeczyta\u0107 <a href=\"https:\/\/glos.pl\/w-senacie-obradowal-szczyt-zdrowia-psychicznego-dzieci-i-mlodziezy-wiele-przyjetych-rekomendacji-dotyczy-szkol\" target=\"_blank\" rel=\"noreferrer noopener\" aria-label=\"tutaj (opens in a new tab)\">tutaj<\/a>. Sporo tego.<\/p>\n","protected":false},"excerpt":{"rendered":"<p>M\u0142odzie\u017c zwraca uwag\u0119, \u017ce psycholog szkolny nie powinien by\u0107 zale\u017cny s\u0142u\u017cbowo od dyrekcji. \u0179r\u00f3d\u0142em wielu problem\u00f3w \u2013 zdaniem uczni\u00f3w i uczennic &#8211; jest zachowanie nauczycieli, w tym tak\u017ce dyrekcji.<\/p>\n","protected":false},"author":1,"featured_media":11738,"comment_status":"open","ping_status":"closed","sticky":false,"template":"","format":"standard","meta":{"footnotes":""},"categories":[1],"tags":[],"_links":{"self":[{"href":"https:\/\/blog.polityka.pl\/chetkowski\/wp-json\/wp\/v2\/posts\/13936"}],"collection":[{"href":"https:\/\/blog.polityka.pl\/chetkowski\/wp-json\/wp\/v2\/posts"}],"about":[{"href":"https:\/\/blog.polityka.pl\/chetkowski\/wp-json\/wp\/v2\/types\/post"}],"author":[{"embeddable":true,"href":"https:\/\/blog.polityka.pl\/chetkowski\/wp-json\/wp\/v2\/users\/1"}],"replies":[{"embeddable":true,"href":"https:\/\/blog.polityka.pl\/chetkowski\/wp-json\/wp\/v2\/comments?post=13936"}],"version-history":[{"count":2,"href":"https:\/\/blog.polityka.pl\/chetkowski\/wp-json\/wp\/v2\/posts\/13936\/revisions"}],"predecessor-version":[{"id":13938,"href":"https:\/\/blog.polityka.pl\/chetkowski\/wp-json\/wp\/v2\/posts\/13936\/revisions\/13938"}],"wp:featuredmedia":[{"embeddable":true,"href":"https:\/\/blog.polityka.pl\/chetkowski\/wp-json\/wp\/v2\/media\/11738"}],"wp:attachment":[{"href":"https:\/\/blog.polityka.pl\/chetkowski\/wp-json\/wp\/v2\/media?parent=13936"}],"wp:term":[{"taxonomy":"category","embeddable":true,"href":"https:\/\/blog.polityka.pl\/chetkowski\/wp-json\/wp\/v2\/categories?post=13936"},{"taxonomy":"post_tag","embeddable":true,"href":"https:\/\/blog.polityka.pl\/chetkowski\/wp-json\/wp\/v2\/tags?post=13936"}],"curies":[{"name":"wp","href":"https:\/\/api.w.org\/{rel}","templated":true}]}}