
{"id":13940,"date":"2024-02-22T18:17:26","date_gmt":"2024-02-22T17:17:26","guid":{"rendered":"http:\/\/chetkowski.blog.polityka.pl\/?p=13940"},"modified":"2024-02-22T21:11:06","modified_gmt":"2024-02-22T20:11:06","slug":"rekolekcje-po-polsku-msza-swieta-w-sali-gimnastycznej-obecnosc-nauczycieli-obowiazkowa","status":"publish","type":"post","link":"https:\/\/blog.polityka.pl\/chetkowski\/2024\/02\/22\/rekolekcje-po-polsku-msza-swieta-w-sali-gimnastycznej-obecnosc-nauczycieli-obowiazkowa\/","title":{"rendered":"Rekolekcje po polsku: msza \u015bwi\u0119ta w sali gimnastycznej, obecno\u015b\u0107 nauczycieli obowi\u0105zkowa"},"content":{"rendered":"\n<p>Nauczyciele pr\u00f3buj\u0105 si\u0119 wymiga\u0107 z opieki nad uczniami podczas rekolekcji, ale nie jest to takie proste. Wci\u0105\u017c s\u0105 szko\u0142y, kt\u00f3re organizuj\u0105 to religijne wydarzenie, cz\u0119sto po\u0142\u0105czone z msz\u0105, w sali gimnastycznej. Dzieci mog\u0105 tam przebywa\u0107 tylko pod opiek\u0105 nauczycieli.<\/p>\n\n\n\n<!--more-->\n\n\n\n<p>Przyk\u0142adowy plan rekolekcji w publicznej podstaw\u00f3wce:<\/p>\n\n\n\n<p>Dzie\u0144 pierwszy (szko\u0142a)<\/p>\n\n\n\n<ol><li>Przygotowanie do mszy \u015bwi\u0119tej;<\/li><li>Msza \u015bwi\u0119ta w sali gimnastycznej;<\/li><li>Spotkanie rekolekcyjne w sali gimnastycznej klas 4-8.<\/li><\/ol>\n\n\n\n<p>Dzie\u0144 drugi (szko\u0142a)<\/p>\n\n\n\n<ol><li>Spotkanie rekolekcyjne w sali gimnastycznej klas 1-3;<\/li><li>Spotkanie rekolekcyjne w sali gimnastycznej klas 4-8.<\/li><\/ol>\n\n\n\n<p>Dzie\u0144 trzeci (ko\u015bci\u00f3\u0142)<\/p>\n\n\n\n<ol><li>Spotkanie wszystkich uczni\u00f3w w ko\u015bciele;<\/li><li>Droga krzy\u017cowa;<\/li><li>Msza \u015bwi\u0119ta z b\u0142ogos\u0142awie\u0144stwem rekolekcyjnym.<\/li><\/ol>\n\n\n\n<p>(\u017ar\u00f3d\u0142o <a href=\"https:\/\/jedlnia.edu.pl\/rekolekcje-wielkopostne-2024\/\" target=\"_blank\" rel=\"noreferrer noopener\" aria-label=\"tutaj (opens in a new tab)\">tutaj<\/a>)<\/p>\n\n\n\n<p>Dawniej kurator potrafi\u0142 przypomnie\u0107 szko\u0142om, \u017ce rekolekcje to czas duchowego wyciszenia dla ca\u0142ej spo\u0142eczno\u015bci szkolnej, zatem lekcje nie powinny si\u0119 wtedy odbywa\u0107. Obecnie takich przypomnie\u0144 nie ma, ale zwyczaj w wielu miejscach pozosta\u0142.<\/p>\n\n\n\n<p>Nauczyciele musz\u0105 zapewni\u0107 bezpiecze\u0144stwo dzieciom na wszystkich wydarzeniach, jakie odbywaj\u0105 si\u0119 na terenie plac\u00f3wki (r\u00f3wnie\u017c podczas mszy w sali gimnastycznej) oraz w drodze do i z ko\u015bcio\u0142a. Nie mog\u0105 odda\u0107 200-300 dzieci pod opiek\u0119 dw\u00f3ch katechet\u00f3w i ksi\u0119dza prowadz\u0105cego msz\u0119.<\/p>\n\n\n\n<p>Obecne w\u0142adze o\u015bwiatowe uwa\u017caj\u0105, \u017ce rekolekcje s\u0105 wy\u0142\u0105cznie spraw\u0105 Ko\u015bcio\u0142a oraz rodzic\u00f3w dzieci. To jednak tylko teoria, gdy\u017c rodzice nie zwolni\u0105 si\u0119 z pracy, nie przyjd\u0105 do szko\u0142y, aby zaopiekowa\u0107 si\u0119 swoimi dzie\u0107mi. W praktyce spada to na barki nauczycieli.&nbsp;<\/p>\n\n\n\n<p>Problemu nie ma tylko w szko\u0142ach, w kt\u00f3rych na religi\u0119 chodz\u0105 pojedyncze osoby. Wtedy opiek\u0119 sprawuj\u0105 katecheci. Gdy na religi\u0119 chodzi 80-90 proc. uczni\u00f3w, katechet\u00f3w jest za ma\u0142o, aby zapewni\u0107 wszystkim opiek\u0119. Wtedy obecno\u015b\u0107 nauczycieli jest nieomal obowi\u0105zkowa, tzn. oczekiwana przez dyrekcj\u0119.<\/p>\n","protected":false},"excerpt":{"rendered":"<p>Nauczyciele pr\u00f3buj\u0105 si\u0119 wymiga\u0107 z opieki nad uczniami podczas rekolekcji, ale nie jest to takie proste. Wci\u0105\u017c s\u0105 szko\u0142y, kt\u00f3re organizuj\u0105 to religijne wydarzenie, cz\u0119sto po\u0142\u0105czone z msz\u0105, w sali gimnastycznej. Dzieci mog\u0105 tam przebywa\u0107 tylko pod opiek\u0105 nauczycieli.<\/p>\n","protected":false},"author":1,"featured_media":10766,"comment_status":"open","ping_status":"closed","sticky":false,"template":"","format":"standard","meta":{"footnotes":""},"categories":[1],"tags":[],"_links":{"self":[{"href":"https:\/\/blog.polityka.pl\/chetkowski\/wp-json\/wp\/v2\/posts\/13940"}],"collection":[{"href":"https:\/\/blog.polityka.pl\/chetkowski\/wp-json\/wp\/v2\/posts"}],"about":[{"href":"https:\/\/blog.polityka.pl\/chetkowski\/wp-json\/wp\/v2\/types\/post"}],"author":[{"embeddable":true,"href":"https:\/\/blog.polityka.pl\/chetkowski\/wp-json\/wp\/v2\/users\/1"}],"replies":[{"embeddable":true,"href":"https:\/\/blog.polityka.pl\/chetkowski\/wp-json\/wp\/v2\/comments?post=13940"}],"version-history":[{"count":4,"href":"https:\/\/blog.polityka.pl\/chetkowski\/wp-json\/wp\/v2\/posts\/13940\/revisions"}],"predecessor-version":[{"id":13944,"href":"https:\/\/blog.polityka.pl\/chetkowski\/wp-json\/wp\/v2\/posts\/13940\/revisions\/13944"}],"wp:featuredmedia":[{"embeddable":true,"href":"https:\/\/blog.polityka.pl\/chetkowski\/wp-json\/wp\/v2\/media\/10766"}],"wp:attachment":[{"href":"https:\/\/blog.polityka.pl\/chetkowski\/wp-json\/wp\/v2\/media?parent=13940"}],"wp:term":[{"taxonomy":"category","embeddable":true,"href":"https:\/\/blog.polityka.pl\/chetkowski\/wp-json\/wp\/v2\/categories?post=13940"},{"taxonomy":"post_tag","embeddable":true,"href":"https:\/\/blog.polityka.pl\/chetkowski\/wp-json\/wp\/v2\/tags?post=13940"}],"curies":[{"name":"wp","href":"https:\/\/api.w.org\/{rel}","templated":true}]}}