
{"id":13945,"date":"2024-02-26T07:04:53","date_gmt":"2024-02-26T06:04:53","guid":{"rendered":"http:\/\/chetkowski.blog.polityka.pl\/?p=13945"},"modified":"2024-02-26T16:57:37","modified_gmt":"2024-02-26T15:57:37","slug":"od-listopada-bez-lekcji-matematyki","status":"publish","type":"post","link":"https:\/\/blog.polityka.pl\/chetkowski\/2024\/02\/26\/od-listopada-bez-lekcji-matematyki\/","title":{"rendered":"Od listopada bez lekcji matematyki"},"content":{"rendered":"\n<p>W IV LO w \u0141odzi a\u017c pi\u0119\u0107 klas od listopada nie ma lekcji matematyki. Dyrekcja bezskutecznie szuka nauczyciela. Kiedy zacz\u0119li\u015bmy rozmawia\u0107 o tym w mojej szkole, ludzie rzucili jeszcze bardziej kuriozalnymi przyk\u0142adami ze swojej drugiej pracy, np. tym, \u017ce na lekcje trzeba posy\u0142a\u0107 wo\u017an\u0105, gdy\u017c nauczycieli brak. To nie jest problem tylko jednego liceum.<\/p>\n\n\n\n<!--more-->\n\n\n\n<p>Nikt ju\u017c nie liczy, ile lekcji przepada. Klasy tygodniami nie maj\u0105 jakiego\u015b przedmiotu, ale dop\u00f3ki nauczyciel jest na stanie, problemu nie ma. Przecie\u017c jak si\u0119 wychoruje, to wr\u00f3ci i zacznie uczy\u0107. Lepszy nauczyciel, kt\u00f3rego wci\u0105\u017c nie ma, ni\u017c \u017caden.&nbsp;<\/p>\n\n\n\n<p>Przyk\u0142ad IV LO przekonuje, \u017ce dyrekcja nie mo\u017ce wybrzydza\u0107. Powinna zatrudnia\u0107 ka\u017cdego, kto przyjdzie, nawet takiego, po kt\u00f3rym od razu wida\u0107, \u017ce b\u0119dzie cz\u0119sto nieobecny. Niech pracuje nawet co drugi tydzie\u0144, byle tylko jakie\u015b lekcje si\u0119 odbywa\u0142y. M\u0142odemu nauczycielowi wystarcz\u0105 trzy dni, aby si\u0119 wychorowa\u0107, stary potrzebuje trzech tygodni. Pracodawca musi by\u0107 wyrozumia\u0142y.<\/p>\n\n\n\n<p>Uczniowie chodz\u0105 do szko\u0142y w kratk\u0119, a nauczyciele jeszcze rzadziej. Dop\u00f3ki frekwencja nie spada poni\u017cej 50 proc., trzeba by\u0107 zadowolonym. Miejmy nadziej\u0119, \u017ce wiosn\u0105 b\u0119dzie lepiej. Trzymam kciuki, \u017ceby IV LO znalaz\u0142o jakiego\u015b matematyka (szczeg\u00f3\u0142y sprawy <a href=\"https:\/\/lodz.wyborcza.pl\/lodz\/7,35136,30728309,nauczyciel-matematyki-poszukiwany-na-zaraz-rodzice-daja-ogloszenia.html\" target=\"_blank\" rel=\"noreferrer noopener\" aria-label=\"tutaj (opens in a new tab)\">tutaj<\/a>).&nbsp;<\/p>\n","protected":false},"excerpt":{"rendered":"<p>W IV LO w \u0141odzi a\u017c pi\u0119\u0107 klas od listopada nie ma lekcji matematyki. Dyrekcja bezskutecznie szuka nauczyciela. Kiedy zacz\u0119li\u015bmy rozmawia\u0107 o tym w mojej szkole, ludzie rzucili jeszcze bardziej kuriozalnymi przyk\u0142adami ze swojej drugiej pracy, np. tym, \u017ce na lekcje trzeba posy\u0142a\u0107 wo\u017an\u0105, gdy\u017c nauczycieli brak. To nie jest problem tylko jednego liceum.<\/p>\n","protected":false},"author":1,"featured_media":10894,"comment_status":"open","ping_status":"closed","sticky":false,"template":"","format":"standard","meta":{"footnotes":""},"categories":[1],"tags":[],"_links":{"self":[{"href":"https:\/\/blog.polityka.pl\/chetkowski\/wp-json\/wp\/v2\/posts\/13945"}],"collection":[{"href":"https:\/\/blog.polityka.pl\/chetkowski\/wp-json\/wp\/v2\/posts"}],"about":[{"href":"https:\/\/blog.polityka.pl\/chetkowski\/wp-json\/wp\/v2\/types\/post"}],"author":[{"embeddable":true,"href":"https:\/\/blog.polityka.pl\/chetkowski\/wp-json\/wp\/v2\/users\/1"}],"replies":[{"embeddable":true,"href":"https:\/\/blog.polityka.pl\/chetkowski\/wp-json\/wp\/v2\/comments?post=13945"}],"version-history":[{"count":2,"href":"https:\/\/blog.polityka.pl\/chetkowski\/wp-json\/wp\/v2\/posts\/13945\/revisions"}],"predecessor-version":[{"id":13947,"href":"https:\/\/blog.polityka.pl\/chetkowski\/wp-json\/wp\/v2\/posts\/13945\/revisions\/13947"}],"wp:featuredmedia":[{"embeddable":true,"href":"https:\/\/blog.polityka.pl\/chetkowski\/wp-json\/wp\/v2\/media\/10894"}],"wp:attachment":[{"href":"https:\/\/blog.polityka.pl\/chetkowski\/wp-json\/wp\/v2\/media?parent=13945"}],"wp:term":[{"taxonomy":"category","embeddable":true,"href":"https:\/\/blog.polityka.pl\/chetkowski\/wp-json\/wp\/v2\/categories?post=13945"},{"taxonomy":"post_tag","embeddable":true,"href":"https:\/\/blog.polityka.pl\/chetkowski\/wp-json\/wp\/v2\/tags?post=13945"}],"curies":[{"name":"wp","href":"https:\/\/api.w.org\/{rel}","templated":true}]}}