
{"id":13948,"date":"2024-02-28T18:23:24","date_gmt":"2024-02-28T17:23:24","guid":{"rendered":"http:\/\/chetkowski.blog.polityka.pl\/?p=13948"},"modified":"2024-02-28T20:34:08","modified_gmt":"2024-02-28T19:34:08","slug":"uczniowie-potrzebuja-wsparcia-psychicznego-a-nauczyciele-jeszcze-bardziej","status":"publish","type":"post","link":"https:\/\/blog.polityka.pl\/chetkowski\/2024\/02\/28\/uczniowie-potrzebuja-wsparcia-psychicznego-a-nauczyciele-jeszcze-bardziej\/","title":{"rendered":"Uczniowie potrzebuj\u0105 wsparcia psychicznego, a nauczyciele jeszcze bardziej"},"content":{"rendered":"\n<p>Dramatycznie spad\u0142o w\u015br\u00f3d nauczycieli poczucie, \u017ce ich praca ma sens i cel. Zaledwie 28 proc. jako tako trzyma si\u0119 w tym zawodzie, reszta wymaga natychmiastowego wsparcia. W roku 2016 zadowolonych by\u0142o 42 proc.<\/p>\n\n\n\n<!--more-->\n\n\n\n<p>Zatem nie tylko uczniowie cierpi\u0105 w szkole, r\u00f3wnie\u017c nauczyciele nie odczuwaj\u0105 zadowolenia z tego, co robi\u0105. Zwr\u00f3cono na to uwag\u0119 na zako\u0144czenie Tygodnia Zdrowia Psychicznego, wydarzenia zainicjowanego przez MEN. Ca\u0142a spo\u0142eczno\u015b\u0107 szkolna cierpi, cho\u0107 zapewne ka\u017cda jej cz\u0119\u015b\u0107 z innego powodu (szczeg\u00f3\u0142y <a href=\"https:\/\/glos.pl\/dr-gajderowicz-z-ibe-na-konferencji-poswieconej-zdrowiu-psychicznemu-to-nauczyciele-wymagaja-dzisiaj-najwiekszego-wsparcia-i-dowartosciowania\" target=\"_blank\" rel=\"noreferrer noopener\" aria-label=\"tutaj (opens in a new tab)\">tutaj<\/a>).<\/p>\n\n\n\n<p>Uczniowie zasypuj\u0105 szko\u0142\u0119 za\u015bwiadczeniami od psycholog\u00f3w, \u017ce powinni by\u0107 traktowani specjalnie. Mamy dostosowa\u0107 metody pracy do stanu psychicznego ka\u017cdego dziecka.&nbsp;<\/p>\n\n\n\n<p>Nauczycielom te\u017c nale\u017ca\u0142oby wystawi\u0107 podobne za\u015bwiadczenia, a ich kopie wr\u0119czy\u0107 rodzicom: ludzie, opami\u0119tajcie si\u0119 z wymaganiami wobec nauczycieli, bo jeste\u015bmy w bardzo z\u0142ej formie. Gdyby rodzice dowiedzieli si\u0119, ile os\u00f3b wybiera si\u0119 na roczny urlop na poratowanie zdrowia, z\u0142apaliby si\u0119 za g\u0142ow\u0119. Z niekt\u00f3rych przedmiot\u00f3w mo\u017ce nie zosta\u0107 nikt.<\/p>\n","protected":false},"excerpt":{"rendered":"<p>Dramatycznie spad\u0142o w\u015br\u00f3d nauczycieli poczucie, \u017ce ich praca ma sens i cel. Zaledwie 28 proc. jako tako trzyma si\u0119 w tym zawodzie, reszta wymaga natychmiastowego wsparcia. W roku 2016 zadowolonych by\u0142o 42 proc.<\/p>\n","protected":false},"author":1,"featured_media":12677,"comment_status":"open","ping_status":"closed","sticky":false,"template":"","format":"standard","meta":{"footnotes":""},"categories":[1],"tags":[],"_links":{"self":[{"href":"https:\/\/blog.polityka.pl\/chetkowski\/wp-json\/wp\/v2\/posts\/13948"}],"collection":[{"href":"https:\/\/blog.polityka.pl\/chetkowski\/wp-json\/wp\/v2\/posts"}],"about":[{"href":"https:\/\/blog.polityka.pl\/chetkowski\/wp-json\/wp\/v2\/types\/post"}],"author":[{"embeddable":true,"href":"https:\/\/blog.polityka.pl\/chetkowski\/wp-json\/wp\/v2\/users\/1"}],"replies":[{"embeddable":true,"href":"https:\/\/blog.polityka.pl\/chetkowski\/wp-json\/wp\/v2\/comments?post=13948"}],"version-history":[{"count":4,"href":"https:\/\/blog.polityka.pl\/chetkowski\/wp-json\/wp\/v2\/posts\/13948\/revisions"}],"predecessor-version":[{"id":13952,"href":"https:\/\/blog.polityka.pl\/chetkowski\/wp-json\/wp\/v2\/posts\/13948\/revisions\/13952"}],"wp:featuredmedia":[{"embeddable":true,"href":"https:\/\/blog.polityka.pl\/chetkowski\/wp-json\/wp\/v2\/media\/12677"}],"wp:attachment":[{"href":"https:\/\/blog.polityka.pl\/chetkowski\/wp-json\/wp\/v2\/media?parent=13948"}],"wp:term":[{"taxonomy":"category","embeddable":true,"href":"https:\/\/blog.polityka.pl\/chetkowski\/wp-json\/wp\/v2\/categories?post=13948"},{"taxonomy":"post_tag","embeddable":true,"href":"https:\/\/blog.polityka.pl\/chetkowski\/wp-json\/wp\/v2\/tags?post=13948"}],"curies":[{"name":"wp","href":"https:\/\/api.w.org\/{rel}","templated":true}]}}