
{"id":13955,"date":"2024-03-01T17:54:31","date_gmt":"2024-03-01T16:54:31","guid":{"rendered":"http:\/\/chetkowski.blog.polityka.pl\/?p=13955"},"modified":"2024-03-01T17:54:31","modified_gmt":"2024-03-01T16:54:31","slug":"w-lodzi-nauczyciele-jeszcze-nie-dostali-podwyzek-ale-inne-miasta-sa-lepsze","status":"publish","type":"post","link":"https:\/\/blog.polityka.pl\/chetkowski\/2024\/03\/01\/w-lodzi-nauczyciele-jeszcze-nie-dostali-podwyzek-ale-inne-miasta-sa-lepsze\/","title":{"rendered":"W \u0141odzi nauczyciele jeszcze nie dostali podwy\u017cek, ale inne miasta s\u0105 lepsze"},"content":{"rendered":"\n<p>Do ostatniej chwili mieli\u015bmy nadziej\u0119, \u017ce pensja marcowa, wyp\u0142acana pierwszego dnia miesi\u0105ca, b\u0119dzie ju\u017c w podwy\u017cszonej kwocie. Niestety by\u0142a po staremu. W innych miastach potraktowano nauczycieli lepiej.<\/p>\n\n\n\n<!--more-->\n\n\n\n<p>\u015awiadomo\u015b\u0107, \u017ce na papierze zarabiamy ju\u017c 30 proc. wi\u0119cej, spowodowa\u0142a, i\u017c trudno by\u0142o zaakceptowa\u0107 to, co wp\u0142yn\u0119\u0142o na konto. Jak\u017ce to mizerna kwota! Wyr\u00f3wnanie w \u0141odzi ma zosta\u0107 wyp\u0142acone dopiero 26 marca, cho\u0107 mo\u017ce pod wp\u0142ywem tego, jak zachowa\u0142y si\u0119 inne miejscowo\u015bci (szczeg\u00f3\u0142y <a href=\"https:\/\/glos.pl\/nie-tylko-lublin-samorzady-rozpoczely-wyplate-nauczycielskich-podwyzek-z-wyrownaniem-od-stycznia-br\" target=\"_blank\" rel=\"noreferrer noopener\" aria-label=\"tutaj (opens in a new tab)\">tutaj<\/a>), otrzymamy je wcze\u015bniej.<\/p>\n\n\n\n<p>Ci, co nie porzucili pracy w szkole, nie mog\u0105 uwierzy\u0107, \u017ce pracowali za tak niskie wynagrodzenie. Tak d\u0142ugo czekali\u015bmy na podwy\u017cki, \u017ce nie potrafimy si\u0119 cieszy\u0107 z wy\u017cszych wynagrodze\u0144. Niekt\u00f3rzy tak si\u0119 wypalili w tym zawodzie, \u017ce ju\u017c nic ich nie cieszy.<\/p>\n\n\n\n<p>Nie by\u0142oby wcale g\u0142upie wys\u0142a\u0107 nauczycieli na obowi\u0105zkow\u0105 terapi\u0119. Na palcach jednej r\u0119ki mo\u017cna policzy\u0107 w radzie pedagogicznej osoby, kt\u00f3re si\u0119 trzymaj\u0105. Reszta, dziesi\u0119ciokrotnie wi\u0119ksza, zalewa tych niewypalonych nauczycieli pytaniami, jak tego dokonali. Jak to zrobili, \u017ce im si\u0119 jeszcze chce.&nbsp;<\/p>\n\n\n\n<p>No c\u00f3\u017c, trzyma\u0142a nas przy zawodowym \u017cyciu nadzieja, \u017ce kiedy\u015b zostaniemy docenieni. Tak\u017ce finansowo. Szkoda, \u017ce w \u0141odzi nie postarano si\u0119 bardziej z wyp\u0142at\u0105 podwy\u017cek.<\/p>\n","protected":false},"excerpt":{"rendered":"<p>Do ostatniej chwili mieli\u015bmy nadziej\u0119, \u017ce pensja marcowa, wyp\u0142acana pierwszego dnia miesi\u0105ca, b\u0119dzie ju\u017c w podwy\u017cszonej kwocie. Niestety by\u0142a po staremu. W innych miastach potraktowano nauczycieli lepiej.<\/p>\n","protected":false},"author":1,"featured_media":0,"comment_status":"open","ping_status":"closed","sticky":false,"template":"","format":"standard","meta":{"footnotes":""},"categories":[1],"tags":[],"_links":{"self":[{"href":"https:\/\/blog.polityka.pl\/chetkowski\/wp-json\/wp\/v2\/posts\/13955"}],"collection":[{"href":"https:\/\/blog.polityka.pl\/chetkowski\/wp-json\/wp\/v2\/posts"}],"about":[{"href":"https:\/\/blog.polityka.pl\/chetkowski\/wp-json\/wp\/v2\/types\/post"}],"author":[{"embeddable":true,"href":"https:\/\/blog.polityka.pl\/chetkowski\/wp-json\/wp\/v2\/users\/1"}],"replies":[{"embeddable":true,"href":"https:\/\/blog.polityka.pl\/chetkowski\/wp-json\/wp\/v2\/comments?post=13955"}],"version-history":[{"count":3,"href":"https:\/\/blog.polityka.pl\/chetkowski\/wp-json\/wp\/v2\/posts\/13955\/revisions"}],"predecessor-version":[{"id":13958,"href":"https:\/\/blog.polityka.pl\/chetkowski\/wp-json\/wp\/v2\/posts\/13955\/revisions\/13958"}],"wp:attachment":[{"href":"https:\/\/blog.polityka.pl\/chetkowski\/wp-json\/wp\/v2\/media?parent=13955"}],"wp:term":[{"taxonomy":"category","embeddable":true,"href":"https:\/\/blog.polityka.pl\/chetkowski\/wp-json\/wp\/v2\/categories?post=13955"},{"taxonomy":"post_tag","embeddable":true,"href":"https:\/\/blog.polityka.pl\/chetkowski\/wp-json\/wp\/v2\/tags?post=13955"}],"curies":[{"name":"wp","href":"https:\/\/api.w.org\/{rel}","templated":true}]}}