
{"id":13959,"date":"2024-03-02T18:56:46","date_gmt":"2024-03-02T17:56:46","guid":{"rendered":"http:\/\/chetkowski.blog.polityka.pl\/?p=13959"},"modified":"2024-03-02T20:08:22","modified_gmt":"2024-03-02T19:08:22","slug":"nauczyciele-masowo-wybieraja-sie-na-urlopy-zdrowotne","status":"publish","type":"post","link":"https:\/\/blog.polityka.pl\/chetkowski\/2024\/03\/02\/nauczyciele-masowo-wybieraja-sie-na-urlopy-zdrowotne\/","title":{"rendered":"Nauczyciele masowo wybieraj\u0105 si\u0119 na urlopy zdrowotne"},"content":{"rendered":"\n<p>W szko\u0142ach zacz\u0119\u0142o si\u0119 planowanie przysz\u0142ego roku. Dyrektorzy pytaj\u0105 nauczycieli, czy mog\u0105 na nich liczy\u0107 po wakacjach. Okazuje si\u0119, \u017ce nie bardzo. Wielu planuje bowiem wzi\u0105\u0107 urlop na poratowanie zdrowia.<\/p>\n\n\n\n<!--more-->\n\n\n\n<p>Zwykle na takim rocznym urlopie przebywa jedna, czasem dwie osoby z rady pedagogicznej. To nic w por\u00f3wnaniu z tym, ile os\u00f3b planuje skorzysta\u0107 z tego przywileju w przysz\u0142ym roku szkolnym. Wzrost mo\u017ce by\u0107 nawet dziesi\u0119ciokrotny.<\/p>\n\n\n\n<p>Nie wszyscy, kt\u00f3rzy zapowiadaj\u0105 p\u00f3j\u015bcie na urlop zdrowotny, zdecyduj\u0105 si\u0119 na taki krok. Cz\u0119\u015b\u0107 zapewne si\u0119 wycofa. Kiedy jednak patrz\u0119 na kole\u017canki i koleg\u00f3w, widz\u0119, \u017ce powinni zadba\u0107 o zdrowie. W ostatnich latach nauczyciele bardzo podupadli na zdrowiu. Je\u015bli nawet nie p\u00f3jd\u0105 na taki urlop teraz, b\u0119d\u0105 chorowa\u0107 i bra\u0107 zwolnienia lekarskie. Nie wiadomo, co lepsze.<\/p>\n\n\n\n<p>Najbardziej zmartwieni s\u0105 dyrektorzy. Niekt\u00f3re przedmioty mog\u0105 w og\u00f3le nie by\u0107 obsadzone. Na rynku pracy prawie nie ma wolnych nauczycieli. Znowu trzeba b\u0119dzie si\u0119gn\u0105\u0107 po emeryt\u00f3w oraz jeszcze bardziej obci\u0105\u017cy\u0107 godzinami tych pracownik\u00f3w, kt\u00f3rzy zostan\u0105 w szkole. Jak si\u0119 ich za bardzo obci\u0105\u017cy, te\u017c si\u0119 rozchoruj\u0105.&nbsp;<\/p>\n\n\n\n<p>Wsp\u00f3\u0142czuj\u0119 dyrektorom. A jeszcze bardziej uczniom, bo naprawd\u0119 nie ma ich kto uczy\u0107.<\/p>\n\n\n\n<p>PS Prawo do rocznego urlopu na poratowanie zdrowia jest bardzo stare. Korzysta\u0142 z niego ponad 200 lat temu Adam Mickiewicz, gdy by\u0142 nauczycielem w Kownie.<\/p>\n","protected":false},"excerpt":{"rendered":"<p>W szko\u0142ach zacz\u0119\u0142o si\u0119 planowanie przysz\u0142ego roku. Dyrektorzy pytaj\u0105 nauczycieli, czy mog\u0105 na nich liczy\u0107 po wakacjach. Okazuje si\u0119, \u017ce nie bardzo. Wielu planuje bowiem wzi\u0105\u0107 urlop na poratowanie zdrowia.<\/p>\n","protected":false},"author":1,"featured_media":0,"comment_status":"open","ping_status":"closed","sticky":false,"template":"","format":"standard","meta":{"footnotes":""},"categories":[1],"tags":[],"_links":{"self":[{"href":"https:\/\/blog.polityka.pl\/chetkowski\/wp-json\/wp\/v2\/posts\/13959"}],"collection":[{"href":"https:\/\/blog.polityka.pl\/chetkowski\/wp-json\/wp\/v2\/posts"}],"about":[{"href":"https:\/\/blog.polityka.pl\/chetkowski\/wp-json\/wp\/v2\/types\/post"}],"author":[{"embeddable":true,"href":"https:\/\/blog.polityka.pl\/chetkowski\/wp-json\/wp\/v2\/users\/1"}],"replies":[{"embeddable":true,"href":"https:\/\/blog.polityka.pl\/chetkowski\/wp-json\/wp\/v2\/comments?post=13959"}],"version-history":[{"count":5,"href":"https:\/\/blog.polityka.pl\/chetkowski\/wp-json\/wp\/v2\/posts\/13959\/revisions"}],"predecessor-version":[{"id":13964,"href":"https:\/\/blog.polityka.pl\/chetkowski\/wp-json\/wp\/v2\/posts\/13959\/revisions\/13964"}],"wp:attachment":[{"href":"https:\/\/blog.polityka.pl\/chetkowski\/wp-json\/wp\/v2\/media?parent=13959"}],"wp:term":[{"taxonomy":"category","embeddable":true,"href":"https:\/\/blog.polityka.pl\/chetkowski\/wp-json\/wp\/v2\/categories?post=13959"},{"taxonomy":"post_tag","embeddable":true,"href":"https:\/\/blog.polityka.pl\/chetkowski\/wp-json\/wp\/v2\/tags?post=13959"}],"curies":[{"name":"wp","href":"https:\/\/api.w.org\/{rel}","templated":true}]}}