
{"id":14019,"date":"2024-03-23T18:35:25","date_gmt":"2024-03-23T17:35:25","guid":{"rendered":"http:\/\/chetkowski.blog.polityka.pl\/?p=14019"},"modified":"2024-03-23T19:30:32","modified_gmt":"2024-03-23T18:30:32","slug":"najwiecej-jest-klas-z-rozszerzona-matematyka-ale-nie-u-nas","status":"publish","type":"post","link":"https:\/\/blog.polityka.pl\/chetkowski\/2024\/03\/23\/najwiecej-jest-klas-z-rozszerzona-matematyka-ale-nie-u-nas\/","title":{"rendered":"Najwi\u0119cej jest klas z rozszerzon\u0105 matematyk\u0105, ale nie u nas"},"content":{"rendered":"\n<p>T\u0142umy \u00f3smoklasist\u00f3w odwiedzi\u0142y dzisiaj moj\u0105 szko\u0142\u0119. Go\u015bcie dowiedzieli si\u0119, inaczej ni\u017c w innych liceach, \u017ce najwi\u0119cej b\u0119dzie u nas klas z rozszerzon\u0105 nauk\u0105 j\u0119zyka polskiego. Wsz\u0119dzie stawiaj\u0105 na matematyk\u0119, a my nie.<\/p>\n\n\n\n<!--more-->\n\n\n\n<p>W wi\u0119kszo\u015bci \u0142\u00f3dzkich lice\u00f3w w og\u00f3le nie ma klas humanistycznych (dawniej obowi\u0105zkowo w ka\u017cdej szkole). Rodzice opowiadaj\u0105, \u017ce na palcach jednej r\u0119ki mo\u017cna policzy\u0107 plac\u00f3wki, kt\u00f3ra stawiaj\u0105 na przedmioty humanistyczne. W\u015br\u00f3d lice\u00f3w z czo\u0142\u00f3wki rankingu jeste\u015bmy absolutnym wyj\u0105tkiem, gdy\u017c a\u017c po\u0142owa naszych pierwszoklasist\u00f3w trafi do klas z rozszerzon\u0105 nauk\u0105 j\u0119zyka polskiego. To ewenement.<\/p>\n\n\n\n<p>Rodzice nie kryj\u0105, \u017ce woleliby, aby dziecko wybra\u0142o klas\u0119 z rozszerzon\u0105 matematyk\u0105. Je\u015bli jednak ma to oznacza\u0107 korepetycje od pierwszej klasy, czyli de facto drug\u0105 szko\u0142\u0119 w domu, popieraj\u0105 wyb\u00f3r klasy humanistycznej. Cztery lata nauki w liceum nie mog\u0105 by\u0107 m\u0119czarni\u0105.<\/p>\n\n\n\n<p>Nie b\u0119dzie \u0142atwo dosta\u0107 si\u0119 do takiej klasy, gdy\u017c jest ich w mie\u015bcie niezwykle ma\u0142o. Konkurencja podczas naboru b\u0119dzie wi\u0119c spora. Spodziewam si\u0119, \u017ce do naszych klas trafi\u0105, jak zawsze, doskonali uczniowie. Praca z nimi to czysta przyjemno\u015b\u0107 (mam w tym roku dwie klasy pierwsze o tym profilu i jestem bardzo zadowolony).<\/p>\n\n\n\n<p>Niekt\u00f3rzy uczniowie z klas humanistycznych lubi\u0105 te\u017c matematyk\u0119, ale polski i histori\u0119 bardziej. Z takimi osobami pracuje si\u0119 najlepiej. Zawsze powtarzamy, \u017ce bycie humanist\u0105 nie wyklucza zainteresowania przedmiotami \u015bcis\u0142ymi.<\/p>\n","protected":false},"excerpt":{"rendered":"<p>T\u0142umy \u00f3smoklasist\u00f3w odwiedzi\u0142y dzisiaj moj\u0105 szko\u0142\u0119. Go\u015bcie dowiedzieli si\u0119, inaczej ni\u017c w innych liceach, \u017ce najwi\u0119cej b\u0119dzie u nas klas z rozszerzon\u0105 nauk\u0105 j\u0119zyka polskiego. Wsz\u0119dzie stawiaj\u0105 na matematyk\u0119, a my nie.<\/p>\n","protected":false},"author":1,"featured_media":9910,"comment_status":"open","ping_status":"closed","sticky":false,"template":"","format":"standard","meta":{"footnotes":""},"categories":[1],"tags":[],"_links":{"self":[{"href":"https:\/\/blog.polityka.pl\/chetkowski\/wp-json\/wp\/v2\/posts\/14019"}],"collection":[{"href":"https:\/\/blog.polityka.pl\/chetkowski\/wp-json\/wp\/v2\/posts"}],"about":[{"href":"https:\/\/blog.polityka.pl\/chetkowski\/wp-json\/wp\/v2\/types\/post"}],"author":[{"embeddable":true,"href":"https:\/\/blog.polityka.pl\/chetkowski\/wp-json\/wp\/v2\/users\/1"}],"replies":[{"embeddable":true,"href":"https:\/\/blog.polityka.pl\/chetkowski\/wp-json\/wp\/v2\/comments?post=14019"}],"version-history":[{"count":2,"href":"https:\/\/blog.polityka.pl\/chetkowski\/wp-json\/wp\/v2\/posts\/14019\/revisions"}],"predecessor-version":[{"id":14021,"href":"https:\/\/blog.polityka.pl\/chetkowski\/wp-json\/wp\/v2\/posts\/14019\/revisions\/14021"}],"wp:featuredmedia":[{"embeddable":true,"href":"https:\/\/blog.polityka.pl\/chetkowski\/wp-json\/wp\/v2\/media\/9910"}],"wp:attachment":[{"href":"https:\/\/blog.polityka.pl\/chetkowski\/wp-json\/wp\/v2\/media?parent=14019"}],"wp:term":[{"taxonomy":"category","embeddable":true,"href":"https:\/\/blog.polityka.pl\/chetkowski\/wp-json\/wp\/v2\/categories?post=14019"},{"taxonomy":"post_tag","embeddable":true,"href":"https:\/\/blog.polityka.pl\/chetkowski\/wp-json\/wp\/v2\/tags?post=14019"}],"curies":[{"name":"wp","href":"https:\/\/api.w.org\/{rel}","templated":true}]}}