
{"id":14029,"date":"2024-03-29T15:34:47","date_gmt":"2024-03-29T14:34:47","guid":{"rendered":"http:\/\/chetkowski.blog.polityka.pl\/?p=14029"},"modified":"2024-03-30T12:23:06","modified_gmt":"2024-03-30T11:23:06","slug":"nieuzasadniona-krytyka-dodaje-nauczycielom-skrzydel","status":"publish","type":"post","link":"https:\/\/blog.polityka.pl\/chetkowski\/2024\/03\/29\/nieuzasadniona-krytyka-dodaje-nauczycielom-skrzydel\/","title":{"rendered":"Nieuzasadniona krytyka dodaje nauczycielom skrzyde\u0142"},"content":{"rendered":"\n<p>Tradycyjnie przed \u015bwi\u0119tami wytkni\u0119to belfrom, \u017ce znowu maj\u0105 wolne. Trzy dni: czwartek, pi\u0105tek oraz wtorek. Jedni nauczyciele zareagowali bardzo nerwowo, a inni przyj\u0119li ten przytyk ze spokojem, a nawet si\u0119 ucieszyli.<\/p>\n\n\n\n<!--more-->\n\n\n\n<p>Ludzie spoza o\u015bwiaty nie odr\u00f3\u017cniaj\u0105 czasu wolnego od prowadzenia lekcji i wolnego od wszelkich czynno\u015bci zawodowych. Najbardziej w\u015bciek\u0142e w mojej szkole by\u0142y wi\u0119c polonistki, kt\u00f3re zawsze tak ustawiaj\u0105 robot\u0119, \u017ce w czasie wolnym od nauczania sprawdzaj\u0105 kartk\u00f3wki, klas\u00f3wki czy pr\u00f3bne matury. Kole\u017canki poczu\u0142y si\u0119 bardzo ura\u017cone opini\u0105, \u017ce znowu maj\u0105 wolne.<\/p>\n\n\n\n<p>Kto zna specyfik\u0119 naszego zawodu, ten rozumie, \u017ce praca to nie tylko czas sp\u0119dzony z uczniami, ale znacznie wi\u0119cej. Kto natomiast nie zna specyfiki zawodu, mo\u017ce my\u015ble\u0107, \u017ce np. kierowca pracuje tylko wtedy, gdy prowadzi samoch\u00f3d, a chirurg jedynie podczas operowania pacjenta. Czym w takim razie s\u0105 inne czynno\u015bci kierowcy, np. przygotowywanie samochodu przed jazd\u0105 czy sprz\u0105tanie po? A gdy lekarz czyta i uzupe\u0142nia kart\u0119 pacjenta albo dok\u0142adnie myje r\u0119ce przed operacj\u0105, to robi to w ramach pracy czy dla rozrywki?<\/p>\n\n\n\n<p>Niekt\u00f3rych nauczycieli bardzo dotkn\u0119\u0142o wypominanie wolnego czasu, jaki rzekomo maj\u0105 w zwi\u0105zku ze \u015bwi\u0119tami. Inni postanowili tak pracowa\u0107, aby ca\u0142\u0105 robot\u0119 wykonywa\u0107 w czasie lekcji. Gdy klasa przez dwie godziny (90 minut) pisze wypracowanie, nauczyciel mo\u017ce w tym czasie oceni\u0107 wypracowania innej klasy. Musi tylko pilnowa\u0107, aby jedno wypracowanie sprawdza\u0107 przez maksimum trzy minuty (30 wypracowa\u0144 x 3 minuty = dwie godziny lekcyjne).&nbsp;<\/p>\n\n\n\n<p>To trudne zadanie, ale da si\u0119. Dawniej po\u015bwi\u0119ca\u0142em na ocenienie ka\u017cdej rozprawki 30-45 minut. Zaczynam jednak \u0107wiczy\u0107 metod\u0119 sprawdzania \u201epo \u0142ebkach\u201d i bywam w tym coraz lepszy (ostatni m\u00f3j rekord: oceni\u0142em dwa wypracowania w czasie 20-minutowej przerwy mi\u0119dzy lekcjami; uczniom, kt\u00f3rzy mieli do mnie spraw\u0119, powiedzia\u0142em, \u017ce porozmawiamy na lekcji). Jak si\u0119 wyrobi\u0119, to w p\u00f3\u0142 godziny oceni\u0119 wypracowania ca\u0142ej klasy (po minucie na tekst). Czuj\u0119, jak nieuzasadniona krytyka dodaje mi skrzyde\u0142, dlatego prosz\u0119 o wi\u0119cej. Nie \u017ca\u0142ujcie nauczycielom cios\u00f3w, a zobaczycie, jakie b\u0119d\u0105 tego owoce.<\/p>\n","protected":false},"excerpt":{"rendered":"<p>Tradycyjnie przed \u015bwi\u0119tami wytkni\u0119to belfrom, \u017ce znowu maj\u0105 wolne. Trzy dni: czwartek, pi\u0105tek oraz wtorek. Jedni nauczyciele zareagowali bardzo nerwowo, a inni przyj\u0119li ten przytyk ze spokojem, a nawet si\u0119 ucieszyli.<\/p>\n","protected":false},"author":1,"featured_media":12738,"comment_status":"open","ping_status":"closed","sticky":false,"template":"","format":"standard","meta":{"footnotes":""},"categories":[1],"tags":[],"_links":{"self":[{"href":"https:\/\/blog.polityka.pl\/chetkowski\/wp-json\/wp\/v2\/posts\/14029"}],"collection":[{"href":"https:\/\/blog.polityka.pl\/chetkowski\/wp-json\/wp\/v2\/posts"}],"about":[{"href":"https:\/\/blog.polityka.pl\/chetkowski\/wp-json\/wp\/v2\/types\/post"}],"author":[{"embeddable":true,"href":"https:\/\/blog.polityka.pl\/chetkowski\/wp-json\/wp\/v2\/users\/1"}],"replies":[{"embeddable":true,"href":"https:\/\/blog.polityka.pl\/chetkowski\/wp-json\/wp\/v2\/comments?post=14029"}],"version-history":[{"count":2,"href":"https:\/\/blog.polityka.pl\/chetkowski\/wp-json\/wp\/v2\/posts\/14029\/revisions"}],"predecessor-version":[{"id":14031,"href":"https:\/\/blog.polityka.pl\/chetkowski\/wp-json\/wp\/v2\/posts\/14029\/revisions\/14031"}],"wp:featuredmedia":[{"embeddable":true,"href":"https:\/\/blog.polityka.pl\/chetkowski\/wp-json\/wp\/v2\/media\/12738"}],"wp:attachment":[{"href":"https:\/\/blog.polityka.pl\/chetkowski\/wp-json\/wp\/v2\/media?parent=14029"}],"wp:term":[{"taxonomy":"category","embeddable":true,"href":"https:\/\/blog.polityka.pl\/chetkowski\/wp-json\/wp\/v2\/categories?post=14029"},{"taxonomy":"post_tag","embeddable":true,"href":"https:\/\/blog.polityka.pl\/chetkowski\/wp-json\/wp\/v2\/tags?post=14029"}],"curies":[{"name":"wp","href":"https:\/\/api.w.org\/{rel}","templated":true}]}}