
{"id":14040,"date":"2024-04-05T19:16:06","date_gmt":"2024-04-05T17:16:06","guid":{"rendered":"http:\/\/chetkowski.blog.polityka.pl\/?p=14040"},"modified":"2024-04-05T19:40:43","modified_gmt":"2024-04-05T17:40:43","slug":"przemoc-seksualna-wszystkie-szkoly-do-kontroli","status":"publish","type":"post","link":"https:\/\/blog.polityka.pl\/chetkowski\/2024\/04\/05\/przemoc-seksualna-wszystkie-szkoly-do-kontroli\/","title":{"rendered":"Przemoc seksualna: wszystkie szko\u0142y do kontroli"},"content":{"rendered":"\n<p>Barbara Nowacka poleci\u0142a wszystkim kuratorom \u015bwiaty przyjrze\u0107 si\u0119 problemowi przemocy seksualnej w szko\u0142ach. Urz\u0119dnicy maj\u0105 obowi\u0105zek skontrolowa\u0107, jak szko\u0142y reagowa\u0142y na zg\u0142aszane przypadki molestowania. B\u0119d\u0105 wi\u0119c kontrolowane papiery, a te najcz\u0119\u015bciej s\u0105 w porz\u0105dku.<\/p>\n\n\n\n<!--more-->\n\n\n\n<p>Urz\u0119dnicy lubuj\u0105 si\u0119 w sprawdzaniu dokument\u00f3w, natomiast nie cierpi\u0105 rozm\u00f3w z lud\u017ami. Tymczasem wiele przypadk\u00f3w przemocy seksualnej ko\u0144czy si\u0119 na wychowawczej rozmowie, ustnych upomnieniach i innych pogaduszkach, kt\u00f3re nie zawsze s\u0105 protoko\u0142owane. Mog\u0105 wi\u0119c sobie czyta\u0107 kontrolerzy z kuratorium papiery, a i tak prawdy nie odkryj\u0105 (info o akcji <a href=\"https:\/\/glos.pl\/sprawa-14-letniego-alexa-minister-nowacka-zwrocila-sie-do-wszystkich-kuratorow-oswiaty\" target=\"_blank\" rel=\"noreferrer noopener\" aria-label=\"tutaj (opens in a new tab)\">tutaj<\/a>).<\/p>\n\n\n\n<p>Jedyn\u0105 kontrol\u0119, kt\u00f3ra by\u0142a prowadzona metod\u0105 rozm\u00f3w, urz\u0105dzi\u0142 nam w roku 2006 Roman Giertych, gdy piastowa\u0142 urz\u0105d wicepremiera i ministra edukacji. Wtedy do ka\u017cdej szko\u0142y w Polsce wesz\u0142y \u201etr\u00f3jki\u201d (policjant, prokurator i przedstawiciel kuratorium) i przepyta\u0142y uczni\u00f3w, rodzic\u00f3w oraz nauczycieli w kwestii przemocy w szkole (szczeg\u00f3\u0142y akcji \u201eZero tolerancji dla przemocy w szko\u0142ach\u201d <a rel=\"noreferrer noopener\" aria-label=\"tutaj (opens in a new tab)\" href=\"https:\/\/samorzad.pap.pl\/kategoria\/archiwum\/do-szkol-wyruszyly-pierwsze-trojki\" target=\"_blank\">tutaj<\/a>). Poza tym wyj\u0105tkiem ze spo\u0142eczno\u015bci\u0105 szkoln\u0105 w takiej skali nie rozmawiano nigdy.<\/p>\n\n\n\n<p>Kontrolowanie papier\u00f3w to jak ocenianie smak\u00f3w w restauracji na podstawie jad\u0142ospisu. Menu mo\u017ce by\u0107 wspania\u0142e, liczy si\u0119 jednak to, co naprawd\u0119 trafia na talerz. Ministra edukacji powinna to sprawdzi\u0107, natomiast kontrolowanie dokument\u00f3w oznacza p\u00f3j\u015bcie na \u0142atwizn\u0119. Menu nie \u015bmierdzi. Cokolwiek w papierach kuratorzy znajd\u0105, \u017cadnej prawdy nie odkryj\u0105.<\/p>\n","protected":false},"excerpt":{"rendered":"<p>Barbara Nowacka poleci\u0142a wszystkim kuratorom \u015bwiaty przyjrze\u0107 si\u0119 problemowi przemocy seksualnej w szko\u0142ach. Urz\u0119dnicy maj\u0105 obowi\u0105zek skontrolowa\u0107, jak szko\u0142y reagowa\u0142y na zg\u0142aszane przypadki molestowania. B\u0119d\u0105 wi\u0119c kontrolowane papiery, a te najcz\u0119\u015bciej s\u0105 w porz\u0105dku.<\/p>\n","protected":false},"author":1,"featured_media":12677,"comment_status":"open","ping_status":"closed","sticky":false,"template":"","format":"standard","meta":{"footnotes":""},"categories":[1],"tags":[],"_links":{"self":[{"href":"https:\/\/blog.polityka.pl\/chetkowski\/wp-json\/wp\/v2\/posts\/14040"}],"collection":[{"href":"https:\/\/blog.polityka.pl\/chetkowski\/wp-json\/wp\/v2\/posts"}],"about":[{"href":"https:\/\/blog.polityka.pl\/chetkowski\/wp-json\/wp\/v2\/types\/post"}],"author":[{"embeddable":true,"href":"https:\/\/blog.polityka.pl\/chetkowski\/wp-json\/wp\/v2\/users\/1"}],"replies":[{"embeddable":true,"href":"https:\/\/blog.polityka.pl\/chetkowski\/wp-json\/wp\/v2\/comments?post=14040"}],"version-history":[{"count":5,"href":"https:\/\/blog.polityka.pl\/chetkowski\/wp-json\/wp\/v2\/posts\/14040\/revisions"}],"predecessor-version":[{"id":14045,"href":"https:\/\/blog.polityka.pl\/chetkowski\/wp-json\/wp\/v2\/posts\/14040\/revisions\/14045"}],"wp:featuredmedia":[{"embeddable":true,"href":"https:\/\/blog.polityka.pl\/chetkowski\/wp-json\/wp\/v2\/media\/12677"}],"wp:attachment":[{"href":"https:\/\/blog.polityka.pl\/chetkowski\/wp-json\/wp\/v2\/media?parent=14040"}],"wp:term":[{"taxonomy":"category","embeddable":true,"href":"https:\/\/blog.polityka.pl\/chetkowski\/wp-json\/wp\/v2\/categories?post=14040"},{"taxonomy":"post_tag","embeddable":true,"href":"https:\/\/blog.polityka.pl\/chetkowski\/wp-json\/wp\/v2\/tags?post=14040"}],"curies":[{"name":"wp","href":"https:\/\/api.w.org\/{rel}","templated":true}]}}