
{"id":14050,"date":"2024-04-09T17:42:54","date_gmt":"2024-04-09T15:42:54","guid":{"rendered":"http:\/\/chetkowski.blog.polityka.pl\/?p=14050"},"modified":"2024-04-09T20:16:23","modified_gmt":"2024-04-09T18:16:23","slug":"rozporzadzenie-ministry-edukacji-jest-sprzeczne-z-karta-nauczyciela","status":"publish","type":"post","link":"https:\/\/blog.polityka.pl\/chetkowski\/2024\/04\/09\/rozporzadzenie-ministry-edukacji-jest-sprzeczne-z-karta-nauczyciela\/","title":{"rendered":"Rozporz\u0105dzenie ministry edukacji jest sprzeczne z Kart\u0105 Nauczyciela"},"content":{"rendered":"\n<p>Bogus\u0142aw \u015aliwerski zwr\u00f3ci\u0142 uwag\u0119, \u017ce rozporz\u0105dzenie MEN w sprawie prac domowych jest sprzeczne z Kart\u0105 Nauczyciela.&nbsp;<\/p>\n\n\n\n<!--more-->\n\n\n\n<p>Wg rozporz\u0105dzenia, nauczyciel nie mo\u017ce zadawa\u0107 prac domowych w klasach 1-3 szko\u0142y podstawowej, z wyj\u0105tkiem zada\u0144 usprawniaj\u0105cych motoryk\u0119, w klasach 4-8 mo\u017ce zadawa\u0107 tylko dla ch\u0119tnych, nie wolno mu te\u017c ocenia\u0107. Tylko nauczyciele szk\u00f3\u0142 ponadpodstawowych s\u0105 wolni.<\/p>\n\n\n\n<p>Natomiast wg Karty Nauczyciela, ka\u017cdy, bez wzgl\u0119du na typ szko\u0142y, mo\u017ce zadawa\u0107 i oceni\u0107. Nauczyciel ma pe\u0142ne prawo stosowa\u0107 takie metody nauczania, jakie uzna za s\u0142uszne (musz\u0105 by\u0107 tylko zgodne ze wsp\u00f3\u0142czesn\u0105 pedagogik\u0105). Praca domowa nie jest sprzeczna z naukami pedagogicznymi.<\/p>\n\n\n\n<p>Albo Barbara Nowacka nie przeczyta\u0142a Karty Nauczyciela, albo te\u017c \u2013 co bardziej prawdopodobne \u2013 zlekcewa\u017cy\u0142a ten dokument. Ministra pokaza\u0142a, \u017ce nie trzeba likwidowa\u0107 Karty Nauczyciela, wystarczy wydawa\u0107 sprzeczne rozporz\u0105dzenia.<\/p>\n\n\n\n<p>Poprzednie rz\u0105dy szuka\u0142y sposobu, jak wyrzuci\u0107 KN z prawa o\u015bwiatowego. Nowacka udowodni\u0142a, \u017ce to nie jest potrzebne. Karta mo\u017ce zosta\u0107, wystarczy jej nie przestrzega\u0107. Wy\u015bmienite zagranie.<\/p>\n\n\n\n<p>Komentarz Bogus\u0142awa \u015aliwerskiego <a href=\"https:\/\/sliwerski-pedagog.blogspot.com\/2024\/04\/jak-rozgoraczkowana-politycznie.html\" target=\"_blank\" rel=\"noreferrer noopener\" aria-label=\"tutaj (opens in a new tab)\">tutaj<\/a>.<\/p>\n","protected":false},"excerpt":{"rendered":"<p>Bogus\u0142aw \u015aliwerski zwr\u00f3ci\u0142 uwag\u0119, \u017ce rozporz\u0105dzenie MEN w sprawie prac domowych jest sprzeczne z Kart\u0105 Nauczyciela.&nbsp;<\/p>\n","protected":false},"author":1,"featured_media":13784,"comment_status":"open","ping_status":"closed","sticky":false,"template":"","format":"standard","meta":{"footnotes":""},"categories":[1],"tags":[],"_links":{"self":[{"href":"https:\/\/blog.polityka.pl\/chetkowski\/wp-json\/wp\/v2\/posts\/14050"}],"collection":[{"href":"https:\/\/blog.polityka.pl\/chetkowski\/wp-json\/wp\/v2\/posts"}],"about":[{"href":"https:\/\/blog.polityka.pl\/chetkowski\/wp-json\/wp\/v2\/types\/post"}],"author":[{"embeddable":true,"href":"https:\/\/blog.polityka.pl\/chetkowski\/wp-json\/wp\/v2\/users\/1"}],"replies":[{"embeddable":true,"href":"https:\/\/blog.polityka.pl\/chetkowski\/wp-json\/wp\/v2\/comments?post=14050"}],"version-history":[{"count":1,"href":"https:\/\/blog.polityka.pl\/chetkowski\/wp-json\/wp\/v2\/posts\/14050\/revisions"}],"predecessor-version":[{"id":14051,"href":"https:\/\/blog.polityka.pl\/chetkowski\/wp-json\/wp\/v2\/posts\/14050\/revisions\/14051"}],"wp:featuredmedia":[{"embeddable":true,"href":"https:\/\/blog.polityka.pl\/chetkowski\/wp-json\/wp\/v2\/media\/13784"}],"wp:attachment":[{"href":"https:\/\/blog.polityka.pl\/chetkowski\/wp-json\/wp\/v2\/media?parent=14050"}],"wp:term":[{"taxonomy":"category","embeddable":true,"href":"https:\/\/blog.polityka.pl\/chetkowski\/wp-json\/wp\/v2\/categories?post=14050"},{"taxonomy":"post_tag","embeddable":true,"href":"https:\/\/blog.polityka.pl\/chetkowski\/wp-json\/wp\/v2\/tags?post=14050"}],"curies":[{"name":"wp","href":"https:\/\/api.w.org\/{rel}","templated":true}]}}