
{"id":14052,"date":"2024-04-12T21:09:32","date_gmt":"2024-04-12T19:09:32","guid":{"rendered":"http:\/\/chetkowski.blog.polityka.pl\/?p=14052"},"modified":"2024-04-12T21:09:32","modified_gmt":"2024-04-12T19:09:32","slug":"organizacja-pracy-szkoly-do-poprawy","status":"publish","type":"post","link":"https:\/\/blog.polityka.pl\/chetkowski\/2024\/04\/12\/organizacja-pracy-szkoly-do-poprawy\/","title":{"rendered":"Organizacja pracy szko\u0142y do poprawy"},"content":{"rendered":"\n<p>Uczniowie, kt\u00f3rzy 1 wrze\u015bnia 2024 roku zaczn\u0105 nauk\u0119 w szko\u0142ach ponadpodstawowych, nie b\u0119d\u0105 ju\u017c mieli HIT-u. Decyzj\u0119 t\u0119 Barbara Nowacka og\u0142osi\u0142a w kwietniu, czyli w chwili, kiedy arkusze organizacyjne szk\u00f3\u0142 dopinane s\u0105 na ostatni guzik. Dyrektorzy b\u0119d\u0105 musieli je teraz poprawia\u0107.<\/p>\n\n\n\n<!--more-->\n\n\n\n<p>Wykonywanie pr\u00f3\u017cnej roboty jest typowe dla o\u015bwiaty. Ledwo stworzy si\u0119 jaki\u015b plan, a ju\u017c w\u0142adza og\u0142asza zmian\u0119. Plany trzeba poprawia\u0107, a nieraz wr\u0119cz pisa\u0107 na nowo. To zniech\u0119ca do porz\u0105dnej roboty. Skoro i tak w\u0142adza wydaje decyzj\u0119 na ostatni\u0105 chwil\u0119, nie op\u0142aca si\u0119 przyk\u0142ada\u0107 do pracy. Lepiej wykona\u0107 j\u0105 metod\u0105 \u201ena odwal si\u0119\u201d, przecie\u017c i tak trzeba b\u0119dzie robi\u0107 wszystko na nowo.<\/p>\n\n\n\n<p>Ministerstwo mog\u0142o zadecydowa\u0107 w lutym, kiedy dyrektorzy zaczynali planowa\u0107 organizacj\u0119 pracy w nowym roku szkolnym. Wydanie decyzji w kwietniu nie jest jednak najgorsze. Anna Zalewska og\u0142asza\u0142a kluczowe decyzje w czerwcu, tu\u017c przed wakacjami, \u017ceby nauczyciele nie mieli ochoty protestowa\u0107. Mamy wi\u0119c jaki\u015b post\u0119p, chocia\u017c do idea\u0142u, czyli szacunku dla cudzej pracy, jeszcze daleko.<\/p>\n","protected":false},"excerpt":{"rendered":"<p>Uczniowie, kt\u00f3rzy 1 wrze\u015bnia 2024 roku zaczn\u0105 nauk\u0119 w szko\u0142ach ponadpodstawowych, nie b\u0119d\u0105 ju\u017c mieli HIT-u. Decyzj\u0119 t\u0119 Barbara Nowacka og\u0142osi\u0142a w kwietniu, czyli w chwili, kiedy arkusze organizacyjne szk\u00f3\u0142 dopinane s\u0105 na ostatni guzik. Dyrektorzy b\u0119d\u0105 musieli je teraz poprawia\u0107.<\/p>\n","protected":false},"author":1,"featured_media":0,"comment_status":"open","ping_status":"closed","sticky":false,"template":"","format":"standard","meta":{"footnotes":""},"categories":[1],"tags":[],"_links":{"self":[{"href":"https:\/\/blog.polityka.pl\/chetkowski\/wp-json\/wp\/v2\/posts\/14052"}],"collection":[{"href":"https:\/\/blog.polityka.pl\/chetkowski\/wp-json\/wp\/v2\/posts"}],"about":[{"href":"https:\/\/blog.polityka.pl\/chetkowski\/wp-json\/wp\/v2\/types\/post"}],"author":[{"embeddable":true,"href":"https:\/\/blog.polityka.pl\/chetkowski\/wp-json\/wp\/v2\/users\/1"}],"replies":[{"embeddable":true,"href":"https:\/\/blog.polityka.pl\/chetkowski\/wp-json\/wp\/v2\/comments?post=14052"}],"version-history":[{"count":1,"href":"https:\/\/blog.polityka.pl\/chetkowski\/wp-json\/wp\/v2\/posts\/14052\/revisions"}],"predecessor-version":[{"id":14053,"href":"https:\/\/blog.polityka.pl\/chetkowski\/wp-json\/wp\/v2\/posts\/14052\/revisions\/14053"}],"wp:attachment":[{"href":"https:\/\/blog.polityka.pl\/chetkowski\/wp-json\/wp\/v2\/media?parent=14052"}],"wp:term":[{"taxonomy":"category","embeddable":true,"href":"https:\/\/blog.polityka.pl\/chetkowski\/wp-json\/wp\/v2\/categories?post=14052"},{"taxonomy":"post_tag","embeddable":true,"href":"https:\/\/blog.polityka.pl\/chetkowski\/wp-json\/wp\/v2\/tags?post=14052"}],"curies":[{"name":"wp","href":"https:\/\/api.w.org\/{rel}","templated":true}]}}