
{"id":14061,"date":"2024-04-15T20:23:09","date_gmt":"2024-04-15T18:23:09","guid":{"rendered":"http:\/\/chetkowski.blog.polityka.pl\/?p=14061"},"modified":"2024-04-15T22:57:00","modified_gmt":"2024-04-15T20:57:00","slug":"nauczyciele-omijaja-zakaz-zadawania-prac-domowych","status":"publish","type":"post","link":"https:\/\/blog.polityka.pl\/chetkowski\/2024\/04\/15\/nauczyciele-omijaja-zakaz-zadawania-prac-domowych\/","title":{"rendered":"Nauczyciele omijaj\u0105 zakaz zadawania prac domowych?"},"content":{"rendered":"\n<p>Prawo mamy g\u0142upie, wi\u0119c go nie przestrzegamy. Tak\u0105 postaw\u0119 Polacy maj\u0105 we krwi. Nauczyciele nie s\u0105 pod tym wzgl\u0119dem wyj\u0105tkowi.&nbsp;<\/p>\n\n\n\n<!--more-->\n\n\n\n<p>Kiedy wi\u0119c w podstaw\u00f3wkach wprowadzono \u2013 zdaniem wielu pedagog\u00f3w \u2013 g\u0142upi zakaz zadawania prac domowych (w klasach 4-8 mo\u017cna wy\u0142\u0105cznie dla ch\u0119tnych), niekt\u00f3rzy nauczyciele postanowili znale\u017a\u0107 spos\u00f3b na z\u0142e prawo. Zadaj\u0105 uczniom prace domowe, tylko inaczej je nazywaj\u0105 (szczeg\u00f3\u0142y <a rel=\"noreferrer noopener\" aria-label=\"tutaj (opens in a new tab)\" href=\"https:\/\/nowiny24.pl\/jak-nauczyciele-omijaja-zakaz-zadawania-prac-domowych-albo-wszyscy-jestescie-chetni-albo-beda-niezapowiedziane-kartkowki\/ar\/c5-18444741\" target=\"_blank\">tutaj<\/a>). Czy\u017cby mieli uczni\u00f3w za g\u0142upich?<\/p>\n\n\n\n<p>Wiele zale\u017cy od dyrektora szko\u0142y. Zwykle dobrze wie, \u017ce na jego terenie \u0142amane jest prawo. Albo co\u015b z tym zrobi, albo uda, \u017ce sprawy nie ma. Wielu dyrektor\u00f3w nie lubi konflikt\u00f3w, dlatego bierze uczni\u00f3w na przetrzymanie. M\u00f3wi im, \u017ce problem rozwi\u0105\u017ce, ale tego nie robi.<\/p>\n\n\n\n<p>Jako wychowawca nieraz dowiaduj\u0119 si\u0119 od uczni\u00f3w, \u017ce jaki\u015b nauczyciel nie przestrzega szkolnego prawa. Nie jestem nadzorc\u0105 swoich koleg\u00f3w czy kole\u017canek ani te\u017c ich prze\u0142o\u017conym. Mog\u0119 jedynie prosi\u0107, aby przestali tak si\u0119 zachowywa\u0107. Zwykle wystarcza wiadomo\u015b\u0107, \u017ce uczniowie zauwa\u017cyli problem i nie zamierzaj\u0105 siedzie\u0107 cicho.&nbsp;<\/p>\n\n\n\n<p>Je\u015bli kole\u017ce\u0144ska rozmowa nie pomo\u017ce, uczniowie p\u00f3jd\u0105 dalej. Czasy, kiedy dzieci nie reagowa\u0142y na bezprawne zachowania nauczycieli, przemin\u0119\u0142y. Teraz nie tylko zareaguj\u0105, ale te\u017c dopilnuj\u0105, aby nauczycieli kara nie min\u0119\u0142a. Po co to komu?<\/p>\n","protected":false},"excerpt":{"rendered":"<p>Prawo mamy g\u0142upie, wi\u0119c go nie przestrzegamy. Tak\u0105 postaw\u0119 Polacy maj\u0105 we krwi. Nauczyciele nie s\u0105 pod tym wzgl\u0119dem wyj\u0105tkowi.&nbsp;<\/p>\n","protected":false},"author":1,"featured_media":12636,"comment_status":"open","ping_status":"closed","sticky":false,"template":"","format":"standard","meta":{"footnotes":""},"categories":[1],"tags":[],"_links":{"self":[{"href":"https:\/\/blog.polityka.pl\/chetkowski\/wp-json\/wp\/v2\/posts\/14061"}],"collection":[{"href":"https:\/\/blog.polityka.pl\/chetkowski\/wp-json\/wp\/v2\/posts"}],"about":[{"href":"https:\/\/blog.polityka.pl\/chetkowski\/wp-json\/wp\/v2\/types\/post"}],"author":[{"embeddable":true,"href":"https:\/\/blog.polityka.pl\/chetkowski\/wp-json\/wp\/v2\/users\/1"}],"replies":[{"embeddable":true,"href":"https:\/\/blog.polityka.pl\/chetkowski\/wp-json\/wp\/v2\/comments?post=14061"}],"version-history":[{"count":4,"href":"https:\/\/blog.polityka.pl\/chetkowski\/wp-json\/wp\/v2\/posts\/14061\/revisions"}],"predecessor-version":[{"id":14065,"href":"https:\/\/blog.polityka.pl\/chetkowski\/wp-json\/wp\/v2\/posts\/14061\/revisions\/14065"}],"wp:featuredmedia":[{"embeddable":true,"href":"https:\/\/blog.polityka.pl\/chetkowski\/wp-json\/wp\/v2\/media\/12636"}],"wp:attachment":[{"href":"https:\/\/blog.polityka.pl\/chetkowski\/wp-json\/wp\/v2\/media?parent=14061"}],"wp:term":[{"taxonomy":"category","embeddable":true,"href":"https:\/\/blog.polityka.pl\/chetkowski\/wp-json\/wp\/v2\/categories?post=14061"},{"taxonomy":"post_tag","embeddable":true,"href":"https:\/\/blog.polityka.pl\/chetkowski\/wp-json\/wp\/v2\/tags?post=14061"}],"curies":[{"name":"wp","href":"https:\/\/api.w.org\/{rel}","templated":true}]}}