
{"id":14066,"date":"2024-04-16T14:48:01","date_gmt":"2024-04-16T12:48:01","guid":{"rendered":"http:\/\/chetkowski.blog.polityka.pl\/?p=14066"},"modified":"2024-04-16T14:48:01","modified_gmt":"2024-04-16T12:48:01","slug":"odchudzone-podstawy-programowe-juz-za-kilka-dni-czy-to-wystarczy","status":"publish","type":"post","link":"https:\/\/blog.polityka.pl\/chetkowski\/2024\/04\/16\/odchudzone-podstawy-programowe-juz-za-kilka-dni-czy-to-wystarczy\/","title":{"rendered":"Odchudzone podstawy programowe ju\u017c za kilka dni. Czy to wystarczy?"},"content":{"rendered":"\n<p>Barbara Nowacka zapowiedzia\u0142a, \u017ce ju\u017c za kilka dni wyda rozporz\u0105dzenie w sprawie nowych podstaw programowych. Mo\u017ce nawet w tym tygodniu. Poznamy konkrety, gdy\u017c na razie wiemy tylko, \u017ce b\u0119d\u0105 one chudsze o ok. 20 proc.<\/p>\n\n\n\n<!--more-->\n\n\n\n<p>Od publikacji rozporz\u0105dzenia do wej\u015bcia w \u017cycie nowych podstaw programowych up\u0142ynie jeszcze sporo czasu. Przez 21 dni b\u0119dzie mo\u017cna zg\u0142asza\u0107 zastrze\u017cenia, odb\u0119d\u0105 si\u0119 tzw. konsultacje spo\u0142eczne. Potem powstanie ostateczna wersja zmian. Od 1 wrze\u015bnia powinni\u015bmy ju\u017c uczy\u0107 wg nowych podstaw (szczeg\u00f3\u0142y <a href=\"https:\/\/glos.pl\/podstawy-programowe-zostana-odchudzone-minister-nowacka-zapowiada-publikacje-rozporzadzenia-w-ciagu-kilku-dni\" target=\"_blank\" rel=\"noreferrer noopener\" aria-label=\"tutaj (opens in a new tab)\">tutaj<\/a>).<\/p>\n\n\n\n<p>Odchudzenie podstaw programowych to kolejny krok \u2013 po ograniczeniach w zadawaniu prac domowych \u2013 aby dzieci by\u0142y mniej obci\u0105\u017cone nauk\u0105. Filozofia zmian jest dobra: przecie\u017c mniej znaczy wi\u0119cej. Byle tylko w\u0142adza nie zagalopowa\u0142a si\u0119 w tym odci\u0105\u017caniu dzieci i po zmianach nie okaza\u0142o si\u0119, \u017ce szko\u0142a publiczna nie zadaje, nie uczy i nie wymaga.&nbsp;<\/p>\n\n\n\n<p>Jaka w takim razie jest jej rola? Nie\u015bmia\u0142o m\u00f3wi si\u0119, \u017ce celem istnienia szko\u0142y jest czyni\u0107 dzieci szcz\u0119\u015bliwymi. Je\u015bli tak jest naprawd\u0119, odchudzenie podstaw programowych tylko o 20 proc. mo\u017ce nie wystarczy\u0107. Do pe\u0142ni szcz\u0119\u015bcia potrzebny jest znacznie bardziej szczodry gest.<\/p>\n","protected":false},"excerpt":{"rendered":"<p>Barbara Nowacka zapowiedzia\u0142a, \u017ce ju\u017c za kilka dni wyda rozporz\u0105dzenie w sprawie nowych podstaw programowych. Mo\u017ce nawet w tym tygodniu. Poznamy konkrety, gdy\u017c na razie wiemy tylko, \u017ce b\u0119d\u0105 one chudsze o ok. 20 proc.<\/p>\n","protected":false},"author":1,"featured_media":0,"comment_status":"open","ping_status":"closed","sticky":false,"template":"","format":"standard","meta":{"footnotes":""},"categories":[1],"tags":[],"_links":{"self":[{"href":"https:\/\/blog.polityka.pl\/chetkowski\/wp-json\/wp\/v2\/posts\/14066"}],"collection":[{"href":"https:\/\/blog.polityka.pl\/chetkowski\/wp-json\/wp\/v2\/posts"}],"about":[{"href":"https:\/\/blog.polityka.pl\/chetkowski\/wp-json\/wp\/v2\/types\/post"}],"author":[{"embeddable":true,"href":"https:\/\/blog.polityka.pl\/chetkowski\/wp-json\/wp\/v2\/users\/1"}],"replies":[{"embeddable":true,"href":"https:\/\/blog.polityka.pl\/chetkowski\/wp-json\/wp\/v2\/comments?post=14066"}],"version-history":[{"count":1,"href":"https:\/\/blog.polityka.pl\/chetkowski\/wp-json\/wp\/v2\/posts\/14066\/revisions"}],"predecessor-version":[{"id":14067,"href":"https:\/\/blog.polityka.pl\/chetkowski\/wp-json\/wp\/v2\/posts\/14066\/revisions\/14067"}],"wp:attachment":[{"href":"https:\/\/blog.polityka.pl\/chetkowski\/wp-json\/wp\/v2\/media?parent=14066"}],"wp:term":[{"taxonomy":"category","embeddable":true,"href":"https:\/\/blog.polityka.pl\/chetkowski\/wp-json\/wp\/v2\/categories?post=14066"},{"taxonomy":"post_tag","embeddable":true,"href":"https:\/\/blog.polityka.pl\/chetkowski\/wp-json\/wp\/v2\/tags?post=14066"}],"curies":[{"name":"wp","href":"https:\/\/api.w.org\/{rel}","templated":true}]}}