
{"id":14072,"date":"2024-04-23T20:53:45","date_gmt":"2024-04-23T18:53:45","guid":{"rendered":"http:\/\/chetkowski.blog.polityka.pl\/?p=14072"},"modified":"2024-04-23T21:25:51","modified_gmt":"2024-04-23T19:25:51","slug":"nowa-podstawa-programowa-jezyka-polskiego-kochanowski-gora","status":"publish","type":"post","link":"https:\/\/blog.polityka.pl\/chetkowski\/2024\/04\/23\/nowa-podstawa-programowa-jezyka-polskiego-kochanowski-gora\/","title":{"rendered":"Nowa podstawa programowa j\u0119zyka polskiego. Kochanowski g\u00f3r\u0105!"},"content":{"rendered":"\n<p>Znamy ju\u017c projekt nowej podstawy programowej, kt\u00f3ra ma obowi\u0105zywa\u0107 od nowego roku szkolnego. Cho\u0107 wiele omsza\u0142ych lektur wyrzucono, to wci\u0105\u017c postawiono na stare teksty.&nbsp;&nbsp;Najlepiej na tym wyszed\u0142 Jan Kochanowski. Trzeba go czyta\u0107 najwi\u0119cej.<\/p>\n\n\n\n<!--more-->\n\n\n\n<p>A zatem dzieci i m\u0142odzie\u017c musz\u0105 wbi\u0107 sobie do g\u0142owy, \u017ce ju\u017c nie S\u0142owacki, lecz Kochanowski wielkim poet\u0105 by\u0142! W szkole podstawowej uczniowie poznaj\u0105 wybrane fraszki, pie\u015bni i treny (obowi\u0105zkowo Tren I, V, VII i VIII) Mistrza z Czarnolasu, a w liceum czy w technikum znowu pie\u015bni (obowi\u0105zkowo Pie\u015b\u0144 IX z ks. 1 i V z ks. 2) oraz treny (obowi\u0105zkowo Tren IX, X, XI i XIX). Razem a\u017c osiem tren\u00f3w!&nbsp;<\/p>\n\n\n\n<p>To wszystko na poziomie podstawowym, natomiast na poziomie rozszerzonym trzeba przeczyta\u0107 wszystkie treny, czyli 19. Dr\u0119czenia uczni\u00f3w utworami pogrzebowymi, \u017ca\u0142obnymi nigdy do\u015b\u0107! Niech ka\u017cde dziecko wie, \u017ce trumna i cmentarz s\u0105 podstaw\u0105 polskiej kultury. My wszyscy z grob\u00f3w jeste\u015bmy!<\/p>\n\n\n\n<p>We wcze\u015bniejszej wersji zmian w podstawie zapowiedziano, \u017ce \u201eOdprawa pos\u0142\u00f3w greckich\u201d (bardzo ci\u0119\u017cki dramat Kochanowskiego) przesuni\u0119ty zostanie do poziomu rozszerzonego. Teraz okazuje si\u0119, \u017ce zostaje na poziomie podstawowym, czyli b\u0119dzie obowi\u0105zywa\u0107 ka\u017cdego ucznia liceum i technikum. Chyba tylko po to, aby pokaza\u0107, jak kiepski \u2013 w por\u00f3wnaniu z Szekspirem czy Molierem \u2013 by\u0142 polski teatr.<\/p>\n\n\n\n<p>Nie ma ci\u0119\u017cszego dramatu ni\u017c to dzie\u0142o Kochanowskiego. Ani do czytania, ani do ogl\u0105dania. Jak powiedzia\u0142 pewien krytyk, wi\u0119cej wzrusze\u0144 dostarcza w\u0105chanie starych skarpet ni\u017c lektura \u201eOdprawy pos\u0142\u00f3w greckich\u201d. M\u0142odzie\u017c jednak musi, cho\u0107 wymiotowa\u0107 si\u0119 chce.<\/p>\n\n\n\n<p>Zmiany w podstawie id\u0105 w dobrym kierunku, jednak decydentom zabrak\u0142o odwagi. Uczyni\u0107 Kochanowskiego filarem kanonu to b\u0142\u0105d. Uczy\u0107 si\u0119 j\u0119zyka polskiego na pie\u015bniach i trenach to pomy\u0142ka. Oswaja\u0107 m\u0142odzie\u017c z teatrem przy pomocy \u201eOdprawy pos\u0142\u00f3w greckich\u201d to zbrodnia. Nie t\u0119dy droga. Kochanowskiego w lekturach powinno by\u0107 jak na lekarstwo. Inaczej mo\u017cna si\u0119 stru\u0107.<\/p>\n\n\n\n<p>Projekt nowej podstawy programowej <a href=\"https:\/\/legislacja.gov.pl\/docs\/\/579\/12384451\/13054807\/13054808\/dokument664700.pdf\" target=\"_blank\" rel=\"noreferrer noopener\" aria-label=\"tutaj (opens in a new tab)\">tutaj<\/a> (lektury od s. 38).<\/p>\n","protected":false},"excerpt":{"rendered":"<p>Znamy ju\u017c projekt nowej podstawy programowej, kt\u00f3ra ma obowi\u0105zywa\u0107 od nowego roku szkolnego. Cho\u0107 wiele omsza\u0142ych lektur wyrzucono, to wci\u0105\u017c postawiono na stare teksty.&nbsp;&nbsp;Najlepiej na tym wyszed\u0142 Jan Kochanowski. Trzeba go czyta\u0107 najwi\u0119cej.<\/p>\n","protected":false},"author":1,"featured_media":12818,"comment_status":"open","ping_status":"closed","sticky":false,"template":"","format":"standard","meta":{"footnotes":""},"categories":[1],"tags":[],"_links":{"self":[{"href":"https:\/\/blog.polityka.pl\/chetkowski\/wp-json\/wp\/v2\/posts\/14072"}],"collection":[{"href":"https:\/\/blog.polityka.pl\/chetkowski\/wp-json\/wp\/v2\/posts"}],"about":[{"href":"https:\/\/blog.polityka.pl\/chetkowski\/wp-json\/wp\/v2\/types\/post"}],"author":[{"embeddable":true,"href":"https:\/\/blog.polityka.pl\/chetkowski\/wp-json\/wp\/v2\/users\/1"}],"replies":[{"embeddable":true,"href":"https:\/\/blog.polityka.pl\/chetkowski\/wp-json\/wp\/v2\/comments?post=14072"}],"version-history":[{"count":3,"href":"https:\/\/blog.polityka.pl\/chetkowski\/wp-json\/wp\/v2\/posts\/14072\/revisions"}],"predecessor-version":[{"id":14075,"href":"https:\/\/blog.polityka.pl\/chetkowski\/wp-json\/wp\/v2\/posts\/14072\/revisions\/14075"}],"wp:featuredmedia":[{"embeddable":true,"href":"https:\/\/blog.polityka.pl\/chetkowski\/wp-json\/wp\/v2\/media\/12818"}],"wp:attachment":[{"href":"https:\/\/blog.polityka.pl\/chetkowski\/wp-json\/wp\/v2\/media?parent=14072"}],"wp:term":[{"taxonomy":"category","embeddable":true,"href":"https:\/\/blog.polityka.pl\/chetkowski\/wp-json\/wp\/v2\/categories?post=14072"},{"taxonomy":"post_tag","embeddable":true,"href":"https:\/\/blog.polityka.pl\/chetkowski\/wp-json\/wp\/v2\/tags?post=14072"}],"curies":[{"name":"wp","href":"https:\/\/api.w.org\/{rel}","templated":true}]}}