
{"id":14133,"date":"2024-05-13T14:51:03","date_gmt":"2024-05-13T12:51:03","guid":{"rendered":"http:\/\/chetkowski.blog.polityka.pl\/?p=14133"},"modified":"2024-05-13T16:49:23","modified_gmt":"2024-05-13T14:49:23","slug":"bardzo-zly-harmonogram-matur-biologia-matematyka-chemia-dzien-po-dniu-polski-i-historia-tak-samo","status":"publish","type":"post","link":"https:\/\/blog.polityka.pl\/chetkowski\/2024\/05\/13\/bardzo-zly-harmonogram-matur-biologia-matematyka-chemia-dzien-po-dniu-polski-i-historia-tak-samo\/","title":{"rendered":"Bardzo z\u0142y harmonogram matur. Biologia, matematyka, chemia dzie\u0144 po dniu, polski i historia tak samo"},"content":{"rendered":"\n<p>Harmonogram egzamin\u00f3w uk\u0142adali ludzie, kt\u00f3rzy nie maj\u0105 poj\u0119cia o wyborach maturzyst\u00f3w. Przedmioty rozszerzone zosta\u0142y u\u0142o\u017cone tak, \u017ce trzeba je zdawa\u0107 dzie\u0144 po dniu. Gorszego kalendarza nie mo\u017cna by\u0142o wymy\u015bli\u0107. Wygl\u0105da to wr\u0119cz na celow\u0105 z\u0142o\u015bliwo\u015b\u0107.<\/p>\n\n\n\n<!--more-->\n\n\n\n<p>W najgorszej sytuacji znale\u017ali si\u0119 maturzy\u015bci, kt\u00f3rzy chc\u0105 dosta\u0107 si\u0119 na medycyn\u0119. Rzadko kto wybra\u0142 tylko jeden licz\u0105cy si\u0119 w rekrutacji przedmiot, raczej dwa, a najambitniejsi wszystkie trzy przedmioty. We wtorek 14 maja jest biologia, w \u015brod\u0119 matematyka, a w czwartek chemia. Dzie\u0144 po dniu.<\/p>\n\n\n\n<p>Niby mi\u0119dzy biologi\u0105 i chemi\u0105 jest dzie\u0144 przerwy, ale wiele os\u00f3b zdaje matematyk\u0119 z chemi\u0105 lub matematyk\u0119 z biologi\u0105, A przecie\u017c mo\u017cna by\u0142o mi\u0119dzy chemi\u0119 i biologi\u0119 wcisn\u0105\u0107 j\u0119zyk polski, a matematyk\u0119 da\u0107 w nast\u0119pny poniedzia\u0142ek. Dlaczego nikt w CKE o tym nie pomy\u015bla\u0142?<\/p>\n\n\n\n<p>Humani\u015bci te\u017c nie maj\u0105 lekko. Jak kto\u015b wybra\u0142 polski i histori\u0119, egzaminy ma bez dnia przerwy. Polski w poniedzia\u0142ek 20 maja, a histori\u0119 we wtorek. Kto to wymy\u015bli\u0142? Informatyka z fizyk\u0105 te\u017c jest jedna po drugiej, a przecie\u017c powinno si\u0119 przedmioty \u015bcis\u0142e poprzeplata\u0107 z humanistycznymi. By\u0142oby to korzystne dla zdaj\u0105cych.<\/p>\n\n\n\n<p>Maturzy\u015bci, kt\u00f3rzy wybrali rozszerzon\u0105 matematyk\u0119, m\u00f3wi\u0105, \u017ce dzie\u0144 przed tym przedmiotem nie powinni zdawa\u0107 \u017cadnego innego, a po matematyce nie s\u0105 w stanie my\u015ble\u0107 przez jakie\u015b dwa dni. Gdyby CKE to rozumia\u0142a, u\u0142o\u017cy\u0142aby tak matur\u0119, aby przedmioty jednego typu przeplata\u0142y si\u0119 z innymi. W tygodniu, kiedy jest matematyka rozszerzona, nie powinno by\u0107 chemii czy biologii, lecz polski albo historia.<\/p>\n\n\n\n<p>W Polsce to norma, \u017ce plany uk\u0142adaj\u0105 ludzie, kt\u00f3rzy nie maj\u0105 ani empatii, ani do\u015bwiadczenia. Ronda planuj\u0105 osoby, kt\u00f3re nie prowadz\u0105 samochodu, wi\u0119c tylko szkodz\u0105 kierowcom. Kalendarz matur te\u017c polecono u\u0142o\u017cy\u0107 ludziom, kt\u00f3rzy si\u0119 na tym nie znaj\u0105. A wystarczy\u0142o przyj\u015b\u0107 do paru szk\u00f3\u0142 i zapyta\u0107.<\/p>\n\n\n\n<p>Harmonogram tegorocznych egzamin\u00f3w maturalnych <a href=\"https:\/\/harmonogram.dlamaturzysty.info\/s\/3904\/76439-Matura-harmonogram\/5819810-Matura-2024-harmonogram-w-terminie-glownym-maj.htm\" target=\"_blank\" rel=\"noreferrer noopener\" aria-label=\"tutaj (opens in a new tab)\">tutaj<\/a>.<\/p>\n","protected":false},"excerpt":{"rendered":"<p>Harmonogram egzamin\u00f3w uk\u0142adali ludzie, kt\u00f3rzy nie maj\u0105 poj\u0119cia o wyborach maturzyst\u00f3w. Przedmioty rozszerzone zosta\u0142y u\u0142o\u017cone tak, \u017ce trzeba je zdawa\u0107 dzie\u0144 po dniu. Gorszego kalendarza nie mo\u017cna by\u0142o wymy\u015bli\u0107. Wygl\u0105da to wr\u0119cz na celow\u0105 z\u0142o\u015bliwo\u015b\u0107.<\/p>\n","protected":false},"author":1,"featured_media":11069,"comment_status":"open","ping_status":"closed","sticky":false,"template":"","format":"standard","meta":{"footnotes":""},"categories":[1],"tags":[],"_links":{"self":[{"href":"https:\/\/blog.polityka.pl\/chetkowski\/wp-json\/wp\/v2\/posts\/14133"}],"collection":[{"href":"https:\/\/blog.polityka.pl\/chetkowski\/wp-json\/wp\/v2\/posts"}],"about":[{"href":"https:\/\/blog.polityka.pl\/chetkowski\/wp-json\/wp\/v2\/types\/post"}],"author":[{"embeddable":true,"href":"https:\/\/blog.polityka.pl\/chetkowski\/wp-json\/wp\/v2\/users\/1"}],"replies":[{"embeddable":true,"href":"https:\/\/blog.polityka.pl\/chetkowski\/wp-json\/wp\/v2\/comments?post=14133"}],"version-history":[{"count":4,"href":"https:\/\/blog.polityka.pl\/chetkowski\/wp-json\/wp\/v2\/posts\/14133\/revisions"}],"predecessor-version":[{"id":14138,"href":"https:\/\/blog.polityka.pl\/chetkowski\/wp-json\/wp\/v2\/posts\/14133\/revisions\/14138"}],"wp:featuredmedia":[{"embeddable":true,"href":"https:\/\/blog.polityka.pl\/chetkowski\/wp-json\/wp\/v2\/media\/11069"}],"wp:attachment":[{"href":"https:\/\/blog.polityka.pl\/chetkowski\/wp-json\/wp\/v2\/media?parent=14133"}],"wp:term":[{"taxonomy":"category","embeddable":true,"href":"https:\/\/blog.polityka.pl\/chetkowski\/wp-json\/wp\/v2\/categories?post=14133"},{"taxonomy":"post_tag","embeddable":true,"href":"https:\/\/blog.polityka.pl\/chetkowski\/wp-json\/wp\/v2\/tags?post=14133"}],"curies":[{"name":"wp","href":"https:\/\/api.w.org\/{rel}","templated":true}]}}