
{"id":14198,"date":"2024-06-18T07:55:00","date_gmt":"2024-06-18T05:55:00","guid":{"rendered":"https:\/\/chetkowski.blog.polityka.pl\/?p=14198"},"modified":"2024-06-18T08:34:19","modified_gmt":"2024-06-18T06:34:19","slug":"mlodzi-nauczyciele-zwalniaja-miejsca-emerytom","status":"publish","type":"post","link":"https:\/\/blog.polityka.pl\/chetkowski\/2024\/06\/18\/mlodzi-nauczyciele-zwalniaja-miejsca-emerytom\/","title":{"rendered":"M\u0142odzi nauczyciele zwalniaj\u0105 miejsca emerytom"},"content":{"rendered":"\n<p>M\u0142odych nauczycieli prawie nie ma, a ci, co s\u0105, rozwa\u017caj\u0105 odej\u015bcie ze szko\u0142y. Dyrekcja nie mo\u017ce by\u0107 pewna \u017cadnego m\u0142odego pracownika. Tylko nauczycielom w wieku przedemerytalnym mo\u017cna ufa\u0107. No i emerytom.<\/p>\n\n\n\n<!--more-->\n\n\n\n<p>Na sztandarze mojej szko\u0142y widniej\u0105 s\u0142owa: \u201eSzanujemy tradycj\u0119. Patrzymy w przysz\u0142o\u015b\u0107\u201d. Prawdziwe jest tylko pierwsze zdanie. Starzenie si\u0119 kadry spowodowa\u0142o, \u017ce tradycja zrobi\u0142a si\u0119 najwa\u017cniejsza. R\u00f3wnie\u017c emeryci, kt\u00f3rzy wr\u00f3cili do pracy, ch\u0119tnie powo\u0142uj\u0105 si\u0119 na przesz\u0142o\u015b\u0107. Jak uczniowie zamaluj\u0105 na sztandarze drugie zdanie, raczej nikt tego nie zauwa\u017cy.<\/p>\n\n\n\n<p>Duch dziej\u00f3w unosi si\u0119 w szkole, natomiast przysz\u0142o\u015bci nie wida\u0107. Jaka mo\u017ce by\u0107 przysz\u0142o\u015b\u0107 szk\u00f3\u0142, kt\u00f3re nie s\u0105 zasilane przez m\u0142od\u0105 kadr\u0119? Jest tak ma\u0142e zainteresowanie zawodem nauczyciela w\u015br\u00f3d student\u00f3w, \u017ce uczelnie wycofuj\u0105 si\u0119 z prowadzenia specjalizacji nauczycielskiej. Ca\u0142e szcz\u0119\u015bcie, \u017ce nie brakuje emerytowanych nauczycieli. Je\u015bli zdrowie im pozwoli, jeszcze z 10 lat damy sobie rad\u0119 bez m\u0142odych.<\/p>\n","protected":false},"excerpt":{"rendered":"<p>M\u0142odych nauczycieli prawie nie ma, a ci, co s\u0105, rozwa\u017caj\u0105 odej\u015bcie ze szko\u0142y. Dyrekcja nie mo\u017ce by\u0107 pewna \u017cadnego m\u0142odego pracownika. Tylko nauczycielom w wieku przedemerytalnym mo\u017cna ufa\u0107. No i emerytom.<\/p>\n","protected":false},"author":1,"featured_media":12765,"comment_status":"open","ping_status":"closed","sticky":false,"template":"","format":"standard","meta":{"footnotes":""},"categories":[1],"tags":[],"_links":{"self":[{"href":"https:\/\/blog.polityka.pl\/chetkowski\/wp-json\/wp\/v2\/posts\/14198"}],"collection":[{"href":"https:\/\/blog.polityka.pl\/chetkowski\/wp-json\/wp\/v2\/posts"}],"about":[{"href":"https:\/\/blog.polityka.pl\/chetkowski\/wp-json\/wp\/v2\/types\/post"}],"author":[{"embeddable":true,"href":"https:\/\/blog.polityka.pl\/chetkowski\/wp-json\/wp\/v2\/users\/1"}],"replies":[{"embeddable":true,"href":"https:\/\/blog.polityka.pl\/chetkowski\/wp-json\/wp\/v2\/comments?post=14198"}],"version-history":[{"count":2,"href":"https:\/\/blog.polityka.pl\/chetkowski\/wp-json\/wp\/v2\/posts\/14198\/revisions"}],"predecessor-version":[{"id":14200,"href":"https:\/\/blog.polityka.pl\/chetkowski\/wp-json\/wp\/v2\/posts\/14198\/revisions\/14200"}],"wp:featuredmedia":[{"embeddable":true,"href":"https:\/\/blog.polityka.pl\/chetkowski\/wp-json\/wp\/v2\/media\/12765"}],"wp:attachment":[{"href":"https:\/\/blog.polityka.pl\/chetkowski\/wp-json\/wp\/v2\/media?parent=14198"}],"wp:term":[{"taxonomy":"category","embeddable":true,"href":"https:\/\/blog.polityka.pl\/chetkowski\/wp-json\/wp\/v2\/categories?post=14198"},{"taxonomy":"post_tag","embeddable":true,"href":"https:\/\/blog.polityka.pl\/chetkowski\/wp-json\/wp\/v2\/tags?post=14198"}],"curies":[{"name":"wp","href":"https:\/\/api.w.org\/{rel}","templated":true}]}}