
{"id":14207,"date":"2024-06-24T18:30:08","date_gmt":"2024-06-24T16:30:08","guid":{"rendered":"https:\/\/chetkowski.blog.polityka.pl\/?p=14207"},"modified":"2024-06-24T22:41:27","modified_gmt":"2024-06-24T20:41:27","slug":"barbara-nowacka-bez-promocji-do-nastepnej-klasy-bedzie-powtarzac-rok","status":"publish","type":"post","link":"https:\/\/blog.polityka.pl\/chetkowski\/2024\/06\/24\/barbara-nowacka-bez-promocji-do-nastepnej-klasy-bedzie-powtarzac-rok\/","title":{"rendered":"Barbara Nowacka bez promocji do nast\u0119pnej klasy. B\u0119dzie powtarza\u0107 rok"},"content":{"rendered":"\n<p>Nie tylko uczniowie otrzymuj\u0105 oceny na koniec roku szkolnego. Tradycja nakazuje ocenia\u0107 tak\u017ce ministra edukacji. W poprzednich latach takie \u015bwiadectwa wystawia\u0142 Zwi\u0105zek Nauczycielstwa Polskiego. W tym roku jednak tego nie zrobi\u0142.<\/p>\n\n\n\n<!--more-->\n\n\n\n<p>Przypomn\u0119, \u017ce Anna Zalewska, pierwszy minister edukacji z ramienia PiS, mia\u0142a jedynki ze wszystkich przedmiot\u00f3w, zatem promocji do nast\u0119pnej klasy nie otrzyma\u0142a (\u015bwiadectwo Zalewskiej <a href=\"https:\/\/znp.edu.pl\/swiadectwo-dla-anny-zalewskiej\/\" data-type=\"link\" data-id=\"https:\/\/znp.edu.pl\/swiadectwo-dla-anny-zalewskiej\/\">tutaj<\/a>).\u00a0<\/p>\n\n\n\n<p>W jej \u015blady poszed\u0142 drugi pisowski minister edukacji, czyli Dariusz Piontkowski. R\u00f3wnie\u017c nie otrzyma\u0142 \u017cadnej oceny pozytywnej, wi\u0119c te\u017c nie zda\u0142 (\u015bwiadectwo Piontkowskiego <a href=\"https:\/\/znp.edu.pl\/swiadectwo-dla-ministra-edukacji\/\">tutaj<\/a>). Znacznie gorzej dzia\u0142a\u0142 w o\u015bwiacie Przemys\u0142aw Czarnek. ZNP nie wystawi\u0142 temu ministrowi \u015bwiadectwa, gdy\u017c nie by\u0142o to potrzebne. Zwi\u0105zek domaga\u0142 si\u0119 od premiera relegowania Czarnka z ministerstwa w trybie natychmiastowym (info o procedurze usuwania ministra edukacji ze szk\u00f3\u0142 <a href=\"https:\/\/znp.edu.pl\/list-znp-do-premiera-ws-odwolania-ministra-przemyslawa-czarnka\/\">tutaj<\/a>). Minister zosta\u0142 wi\u0119c potraktowany jak zbir: takiego si\u0119 nie ocenia, tylko wyrzuca.<\/p>\n\n\n\n<p>Nauczyciele czekali niecierpliwie na \u015bwiadectwo dla Barbary Nowackiej. Niech tradycji stanie si\u0119 zado\u015b\u0107, niech\u017ce ZNP oceni ministr\u0119 edukacji. Niestety zwi\u0105zkowcy nie wywi\u0105zali si\u0119 z tego zadania. Formalnie oznacza to, \u017ce Nowacka nie zosta\u0142a sklasyfikowana, czyli nie ma podstaw do \u017cadnych ocen: ani dobrych, ani z\u0142ych.<\/p>\n\n\n\n<p>Z takim stanowiskiem ZNP nie zgodzi\u0142 si\u0119 prof. Bogus\u0142aw \u015aliwerski. Postanowi\u0142 samodzielnie oceni\u0107 Barbar\u0119 Nowack\u0105. Pedagog okaza\u0142 si\u0119 bardzo surowym nauczycielem, gdy\u017c postawi\u0142 ministrze same jedynki. Nowacka nie zosta\u0142a promowana do nast\u0119pnej klasy. B\u0119dzie wi\u0119c powtarza\u0107 rok. Oby to co\u015b da\u0142o (\u015bwiadectwo Nowackiej <a href=\"https:\/\/sliwerski-pedagog.blogspot.com\/2024\/06\/koniec-popisowego-roku-szkolnego.html\">tutaj<\/a>).<\/p>\n","protected":false},"excerpt":{"rendered":"<p>Nie tylko uczniowie otrzymuj\u0105 oceny na koniec roku szkolnego. Tradycja nakazuje ocenia\u0107 tak\u017ce ministra edukacji. W poprzednich latach takie \u015bwiadectwa wystawia\u0142 Zwi\u0105zek Nauczycielstwa Polskiego. W tym roku jednak tego nie zrobi\u0142.<\/p>\n","protected":false},"author":1,"featured_media":13784,"comment_status":"open","ping_status":"closed","sticky":false,"template":"","format":"standard","meta":{"footnotes":""},"categories":[1],"tags":[],"_links":{"self":[{"href":"https:\/\/blog.polityka.pl\/chetkowski\/wp-json\/wp\/v2\/posts\/14207"}],"collection":[{"href":"https:\/\/blog.polityka.pl\/chetkowski\/wp-json\/wp\/v2\/posts"}],"about":[{"href":"https:\/\/blog.polityka.pl\/chetkowski\/wp-json\/wp\/v2\/types\/post"}],"author":[{"embeddable":true,"href":"https:\/\/blog.polityka.pl\/chetkowski\/wp-json\/wp\/v2\/users\/1"}],"replies":[{"embeddable":true,"href":"https:\/\/blog.polityka.pl\/chetkowski\/wp-json\/wp\/v2\/comments?post=14207"}],"version-history":[{"count":4,"href":"https:\/\/blog.polityka.pl\/chetkowski\/wp-json\/wp\/v2\/posts\/14207\/revisions"}],"predecessor-version":[{"id":14211,"href":"https:\/\/blog.polityka.pl\/chetkowski\/wp-json\/wp\/v2\/posts\/14207\/revisions\/14211"}],"wp:featuredmedia":[{"embeddable":true,"href":"https:\/\/blog.polityka.pl\/chetkowski\/wp-json\/wp\/v2\/media\/13784"}],"wp:attachment":[{"href":"https:\/\/blog.polityka.pl\/chetkowski\/wp-json\/wp\/v2\/media?parent=14207"}],"wp:term":[{"taxonomy":"category","embeddable":true,"href":"https:\/\/blog.polityka.pl\/chetkowski\/wp-json\/wp\/v2\/categories?post=14207"},{"taxonomy":"post_tag","embeddable":true,"href":"https:\/\/blog.polityka.pl\/chetkowski\/wp-json\/wp\/v2\/tags?post=14207"}],"curies":[{"name":"wp","href":"https:\/\/api.w.org\/{rel}","templated":true}]}}