
{"id":14217,"date":"2024-06-27T07:52:00","date_gmt":"2024-06-27T05:52:00","guid":{"rendered":"https:\/\/chetkowski.blog.polityka.pl\/?p=14217"},"modified":"2024-06-27T11:51:14","modified_gmt":"2024-06-27T09:51:14","slug":"ocena-zachowania-zostaje","status":"publish","type":"post","link":"https:\/\/blog.polityka.pl\/chetkowski\/2024\/06\/27\/ocena-zachowania-zostaje\/","title":{"rendered":"Ocena zachowania zostaje"},"content":{"rendered":"\n<p>Na miejscu Barbary Nowackiej nie ryzykowa\u0142bym likwidacji oceny zachowania. Badania opinii publicznej dowodz\u0105, \u017ce wi\u0119kszo\u015b\u0107 chce, aby nauczyciele oceniali, jak uczniowie zachowuj\u0105 si\u0119 w szkole. To wa\u017cna informacja przede wszystkim dla rodzic\u00f3w.<\/p>\n\n\n\n<!--more-->\n\n\n\n<p>MEN forsuje pomys\u0142, aby wyleczy\u0107 szko\u0142\u0119 z ocenozy. Nauczyciele maj\u0105 mniej ocenia\u0107, a wi\u0119cej przekazywa\u0107 informacji o post\u0119pach uczni\u00f3w. Zamiast oceny zachowania dziecko otrzymywa\u0142oby pochwa\u0142y oraz sugestie, na czym powinno skupi\u0107 si\u0119 w kolejnym semestrze lub roku. To podobno dobrze wp\u0142ywa na psychik\u0119, natomiast ci\u0105g\u0142e ocenianie szkodzi.&nbsp;<\/p>\n\n\n\n<p>Op\u00f3r spo\u0142eczny przed likwidacj\u0105 oceny zachowania mo\u017ce zahamowa\u0107 plany ministerstwa, aby likwidowa\u0107 oceny z kolejnych przedmiot\u00f3w. Nie b\u0119dzie wi\u0119c prawdopodobnie likwidacji stopni z przedmiot\u00f3w, kt\u00f3re wymagaj\u0105 talentu, np. muzyki, plastyki, wychowania fizycznego. A takie plany by\u0142y.&nbsp;<\/p>\n\n\n\n<p>Do szk\u00f3\u0142 p\u0142yn\u0119\u0142y te\u017c informacje z g\u00f3ry, np. z kuratorium, i\u017c mo\u017cemy w ci\u0105gu roku w og\u00f3le nie ocenia\u0107. Mo\u017cemy nie stawia\u0107 \u017cadnych stopni, a jedynie przekazywa\u0107 informacj\u0119 zwrotn\u0105. Trzeba by tylko odpowiednio zmieni\u0107 statut. Obowi\u0105zkowe \u2013 i to na razie \u2013 s\u0105 jedynie oceny na \u015bwiadectwie. Reakcja na te sugestie by\u0142a jednak s\u0142aba (szczeg\u00f3\u0142y bada\u0144 opinii na temat oceny zachowania <a href=\"https:\/\/glos.pl\/sondaz-60-proc-badanych-przeciwko-zniesieniu-ocen-z-zachowania-na-swiadectwie\">tutaj<\/a>).<\/p>\n","protected":false},"excerpt":{"rendered":"<p>Na miejscu Barbary Nowackiej nie ryzykowa\u0142bym likwidacji oceny zachowania. Badania opinii publicznej dowodz\u0105, \u017ce wi\u0119kszo\u015b\u0107 chce, aby nauczyciele oceniali, jak uczniowie zachowuj\u0105 si\u0119 w szkole. To wa\u017cna informacja przede wszystkim dla rodzic\u00f3w.<\/p>\n","protected":false},"author":1,"featured_media":11106,"comment_status":"open","ping_status":"closed","sticky":false,"template":"","format":"standard","meta":{"footnotes":""},"categories":[1],"tags":[],"_links":{"self":[{"href":"https:\/\/blog.polityka.pl\/chetkowski\/wp-json\/wp\/v2\/posts\/14217"}],"collection":[{"href":"https:\/\/blog.polityka.pl\/chetkowski\/wp-json\/wp\/v2\/posts"}],"about":[{"href":"https:\/\/blog.polityka.pl\/chetkowski\/wp-json\/wp\/v2\/types\/post"}],"author":[{"embeddable":true,"href":"https:\/\/blog.polityka.pl\/chetkowski\/wp-json\/wp\/v2\/users\/1"}],"replies":[{"embeddable":true,"href":"https:\/\/blog.polityka.pl\/chetkowski\/wp-json\/wp\/v2\/comments?post=14217"}],"version-history":[{"count":1,"href":"https:\/\/blog.polityka.pl\/chetkowski\/wp-json\/wp\/v2\/posts\/14217\/revisions"}],"predecessor-version":[{"id":14218,"href":"https:\/\/blog.polityka.pl\/chetkowski\/wp-json\/wp\/v2\/posts\/14217\/revisions\/14218"}],"wp:featuredmedia":[{"embeddable":true,"href":"https:\/\/blog.polityka.pl\/chetkowski\/wp-json\/wp\/v2\/media\/11106"}],"wp:attachment":[{"href":"https:\/\/blog.polityka.pl\/chetkowski\/wp-json\/wp\/v2\/media?parent=14217"}],"wp:term":[{"taxonomy":"category","embeddable":true,"href":"https:\/\/blog.polityka.pl\/chetkowski\/wp-json\/wp\/v2\/categories?post=14217"},{"taxonomy":"post_tag","embeddable":true,"href":"https:\/\/blog.polityka.pl\/chetkowski\/wp-json\/wp\/v2\/tags?post=14217"}],"curies":[{"name":"wp","href":"https:\/\/api.w.org\/{rel}","templated":true}]}}