
{"id":14237,"date":"2024-07-04T11:55:25","date_gmt":"2024-07-04T09:55:25","guid":{"rendered":"https:\/\/chetkowski.blog.polityka.pl\/?p=14237"},"modified":"2024-07-04T17:46:45","modified_gmt":"2024-07-04T15:46:45","slug":"dramatycznie-malo-kandydatow-do-szkol-ponadpodstawowych-nie-bedzie-kogo-uczyc","status":"publish","type":"post","link":"https:\/\/blog.polityka.pl\/chetkowski\/2024\/07\/04\/dramatycznie-malo-kandydatow-do-szkol-ponadpodstawowych-nie-bedzie-kogo-uczyc\/","title":{"rendered":"Dramatycznie ma\u0142o kandydat\u00f3w do szk\u00f3\u0142 ponadpodstawowych. Nie b\u0119dzie kogo uczy\u0107"},"content":{"rendered":"\n<p>Mniej ni\u017c po\u0142owa \u2013 w por\u00f3wnaniu z rokiem 2023 \u2013 absolwent\u00f3w podstaw\u00f3wek bierze udzia\u0142 w rekrutacji do szk\u00f3\u0142 \u015brednich. Sytuacja wygl\u0105da dramatycznie. W wielu szko\u0142ach mo\u017ce nie uzbiera\u0107 si\u0119 nawet jedna klasa pierwsza.<\/p>\n\n\n\n<!--more-->\n\n\n\n<p>W 2024 do egzaminu \u00f3smoklasisty przyst\u0105pi\u0142o tylko 220900 uczni\u00f3w i uczennic. W 2023 by\u0142o ich ponad dwa razy wi\u0119cej, tj. 510400. Podobnie w roku 2022 \u2013 502900. Dwa poprzednie lata by\u0142y bardzo t\u0142uste dla szk\u00f3\u0142 ponadpodstawowych. To si\u0119 jednak sko\u0144czy\u0142o.<\/p>\n\n\n\n<p>Tak chudego roku jak obecny dawno nie by\u0142o. W 2021 do egzaminu \u00f3smoklasisty przyst\u0105pi\u0142o 357060 uczni\u00f3w i uczennic. W 2020 \u2013 343025, a w 2019 \u2013 376800. Przysz\u0142y rok mo\u017ce by\u0107 podobny do obecnego. Nad wieloma szko\u0142ami zawi\u015bnie gro\u017aba likwidacji. Je\u015bli w tym roku nie otworz\u0105 pierwszej klasy, w przysz\u0142ym te\u017c, to co im pozostanie?<\/p>\n\n\n\n<p>W\u0142adze o\u015bwiatowe szukaj\u0105 sposobu na znalezienie uczni\u00f3w. W tym roku do egzaminu \u00f3smoklasisty przyst\u0105pi\u0142o tylko 11300 dzieci ukrai\u0144skich, rok temu by\u0142o 13800, a w 2022 &#8211; 6150. Jest ich w Polsce znacznie wi\u0119cej, musz\u0105 tylko wej\u015b\u0107 do naszego systemu. Mo\u017ce chodzi\u0107 nawet o 100 tys. dzieci, kt\u00f3re nie s\u0105 obj\u0119te obowi\u0105zkiem szkolnym, ale niebawem b\u0119d\u0105.\u00a0<\/p>\n\n\n\n<p>Inaczej rozwi\u0105zuj\u0105 problem w\u0142adze regionalne. W \u0141odzi ka\u017c\u0105 szko\u0142om podzieli\u0107 si\u0119 mniejsz\u0105 liczb\u0105 dzieci. W ka\u017cdej plac\u00f3wce otworzy si\u0119 mniej klas pierwszych. Dok\u0142adnie tyle, aby \u017cadnej szkole nie zabrak\u0142o (uczniowie nie g\u0142osuj\u0105 nogami, o liczbie miejsc decyduje w\u0142adza). W zesz\u0142ym roku moje liceum uruchomi\u0142o pi\u0119\u0107 klas pierwszych, w tym roku dosta\u0142o zgod\u0119 tylko na trzy. Za rok mog\u0105 to by\u0107 dwie klasy. B\u0119dzie krucho, ale dzi\u0119ki temu przetrwamy ni\u017c i \u017cadna szko\u0142a nie zostanie zlikwidowana. Oby!<\/p>\n","protected":false},"excerpt":{"rendered":"<p>Mniej ni\u017c po\u0142owa \u2013 w por\u00f3wnaniu z rokiem 2023 \u2013 absolwent\u00f3w podstaw\u00f3wek bierze udzia\u0142 w rekrutacji do szk\u00f3\u0142 \u015brednich. Sytuacja wygl\u0105da dramatycznie. W wielu szko\u0142ach mo\u017ce nie uzbiera\u0107 si\u0119 nawet jedna klasa pierwsza.<\/p>\n","protected":false},"author":1,"featured_media":13325,"comment_status":"open","ping_status":"closed","sticky":false,"template":"","format":"standard","meta":{"footnotes":""},"categories":[1],"tags":[],"_links":{"self":[{"href":"https:\/\/blog.polityka.pl\/chetkowski\/wp-json\/wp\/v2\/posts\/14237"}],"collection":[{"href":"https:\/\/blog.polityka.pl\/chetkowski\/wp-json\/wp\/v2\/posts"}],"about":[{"href":"https:\/\/blog.polityka.pl\/chetkowski\/wp-json\/wp\/v2\/types\/post"}],"author":[{"embeddable":true,"href":"https:\/\/blog.polityka.pl\/chetkowski\/wp-json\/wp\/v2\/users\/1"}],"replies":[{"embeddable":true,"href":"https:\/\/blog.polityka.pl\/chetkowski\/wp-json\/wp\/v2\/comments?post=14237"}],"version-history":[{"count":4,"href":"https:\/\/blog.polityka.pl\/chetkowski\/wp-json\/wp\/v2\/posts\/14237\/revisions"}],"predecessor-version":[{"id":14241,"href":"https:\/\/blog.polityka.pl\/chetkowski\/wp-json\/wp\/v2\/posts\/14237\/revisions\/14241"}],"wp:featuredmedia":[{"embeddable":true,"href":"https:\/\/blog.polityka.pl\/chetkowski\/wp-json\/wp\/v2\/media\/13325"}],"wp:attachment":[{"href":"https:\/\/blog.polityka.pl\/chetkowski\/wp-json\/wp\/v2\/media?parent=14237"}],"wp:term":[{"taxonomy":"category","embeddable":true,"href":"https:\/\/blog.polityka.pl\/chetkowski\/wp-json\/wp\/v2\/categories?post=14237"},{"taxonomy":"post_tag","embeddable":true,"href":"https:\/\/blog.polityka.pl\/chetkowski\/wp-json\/wp\/v2\/tags?post=14237"}],"curies":[{"name":"wp","href":"https:\/\/api.w.org\/{rel}","templated":true}]}}